{"id":959,"date":"2023-04-10T21:29:26","date_gmt":"2023-04-10T20:29:26","guid":{"rendered":"https:\/\/algerieintelligence.com\/?p=959"},"modified":"2024-02-08T15:38:41","modified_gmt":"2024-02-08T14:38:41","slug":"le-president-de-la-republique-a-t-il-un-reel-pouvoir-sur-les-walis","status":"publish","type":"post","link":"https:\/\/algerieintelligence.com\/index.php\/2023\/04\/10\/le-president-de-la-republique-a-t-il-un-reel-pouvoir-sur-les-walis\/","title":{"rendered":"Le Pr\u00e9sident de la R\u00e9publique a-t-il un r\u00e9el pouvoir sur les Walis?"},"content":{"rendered":"\n<h2 class=\"wp-block-heading\" style=\"font-size:38px;line-height:1.4\"><strong><mark style=\"background-color:rgba(0, 0, 0, 0);color:#ad2727\" class=\"has-inline-color\">Le Pr\u00e9sident de la R\u00e9publique a-t-il un r\u00e9el pouvoir sur les Walis?<\/mark><\/strong><\/h2>\n\n\n\n<div class=\"wp-block-columns is-layout-flex wp-container-core-columns-is-layout-9d6595d7 wp-block-columns-is-layout-flex\">\n<div class=\"wp-block-column is-layout-flow wp-block-column-is-layout-flow\">\n<p style=\"font-size:18px\">C&rsquo;est en effet la question qui se pose lorsque l&rsquo;on entend le premier magistrat de l&rsquo;\u00c9tat se plaindre des entraves bureaucratiques auxquelles font face non seulement les investissements dans diff\u00e9rents secteurs mais aussi les d\u00e9cisions \u00e9manant de la Pr\u00e9sidence de la R\u00e9publique elle-m\u00eame. Dans sa derni\u00e8re intervention, le chef de l&rsquo;\u00c9tat a annonc\u00e9 que l&rsquo;objectif pour l&rsquo;\u00e9conomie \u00e9tait d\u00e9sormais d&rsquo;arriver \u00e0 13 milliards de dollars d&rsquo;exportations hors hydrocarbures. L&rsquo;objectif est tr\u00e8s ambitieux car il s&rsquo;agira de plus que doubler le montant actuel qui se situe autour des 5 milliards de dollars. Pour atteindre cet objectif ambitieux, il faudra certainement arriver \u00e0 une lib\u00e9ralisation plus courageuse de l&rsquo;initiative \u00e9conomique. Cette semaine a en effet vu appara\u00eetre une \u00e9ni\u00e8me<\/p>\n<\/div>\n\n\n\n<div class=\"wp-block-column is-layout-flow wp-block-column-is-layout-flow\">\n<p style=\"font-size:18px\">pol\u00e9mique autour des entraves bureaucratiques qui freinent le d\u00e9veloppement de l&rsquo;\u00e9conomie locale. Le chef d&rsquo;une entreprise qui se sp\u00e9cialise dans l&rsquo;agriculture et notamment dans la transformation des produits agricoles a jet\u00e9 un pav\u00e9 dans la marre en d\u00e9non\u00e7ant le blocage par les wilayas de M&rsquo;Sila et de Djelfa d&rsquo;un projet d&rsquo;\u00e9levage animalier qui pourrait amener l&rsquo;entreprise \u00e0 exporter ses produits. La question se pose alors concernant le r\u00f4le des Walis dans le soutien des politiques du chef de l&rsquo;\u00c9tat. La question se pose aussi concernant les crit\u00e8res sur lesquels repose la nomination de ces fonctionnaires aux grands pouvoirs qui d\u00e9montrent d&rsquo;ann\u00e9e en ann\u00e9e qu&rsquo;ils sont les principaux responsables des dysfonctionnements dont souffrent les Wilayas.<\/p>\n<\/div>\n<\/div>\n","protected":false},"excerpt":{"rendered":"<p>Le Pr\u00e9sident de la R\u00e9publique a-t-il un r\u00e9el pouvoir sur les Walis? C&rsquo;est en effet la question qui se pose lorsque l&rsquo;on entend le premier magistrat de l&rsquo;\u00c9tat se plaindre des entraves bureaucratiques auxquelles font face non seulement les investissements dans diff\u00e9rents secteurs mais aussi les d\u00e9cisions \u00e9manant de la Pr\u00e9sidence de la R\u00e9publique elle-m\u00eame. [&hellip;]<\/p>\n","protected":false},"author":2,"featured_media":965,"comment_status":"open","ping_status":"open","sticky":false,"template":"","format":"standard","meta":{"footnotes":""},"categories":[5,7],"tags":[],"class_list":["post-959","post","type-post","status-publish","format-standard","has-post-thumbnail","hentry","category-analyse-et-info","category-economie"],"yoast_head":"<!-- This site is optimized with the Yoast SEO plugin v26.0 - https:\/\/yoast.com\/wordpress\/plugins\/seo\/ -->\n<title>Le Pr\u00e9sident de la R\u00e9publique a-t-il un r\u00e9el pouvoir sur les Walis? - Alg\u00e9rie Intelligence<\/title>\n<meta name=\"robots\" content=\"index, follow, max-snippet:-1, max-image-preview:large, max-video-preview:-1\" \/>\n<link rel=\"canonical\" href=\"https:\/\/algerieintelligence.com\/index.php\/2023\/04\/10\/le-president-de-la-republique-a-t-il-un-reel-pouvoir-sur-les-walis\/\" \/>\n<meta property=\"og:locale\" content=\"fr_FR\" \/>\n<meta property=\"og:type\" content=\"article\" \/>\n<meta property=\"og:title\" content=\"Le Pr\u00e9sident de la R\u00e9publique a-t-il un r\u00e9el pouvoir sur les Walis? - Alg\u00e9rie Intelligence\" \/>\n<meta property=\"og:description\" content=\"Le Pr\u00e9sident de la R\u00e9publique a-t-il un r\u00e9el pouvoir sur les Walis? C&rsquo;est en effet la question qui se pose lorsque l&rsquo;on entend le premier magistrat de l&rsquo;\u00c9tat se plaindre des entraves bureaucratiques auxquelles font face non seulement les investissements dans diff\u00e9rents secteurs mais aussi les d\u00e9cisions \u00e9manant de la Pr\u00e9sidence de la R\u00e9publique elle-m\u00eame. [&hellip;]\" \/>\n<meta property=\"og:url\" content=\"https:\/\/algerieintelligence.com\/index.php\/2023\/04\/10\/le-president-de-la-republique-a-t-il-un-reel-pouvoir-sur-les-walis\/\" \/>\n<meta property=\"og:site_name\" content=\"Alg\u00e9rie Intelligence\" \/>\n<meta property=\"article:published_time\" content=\"2023-04-10T20:29:26+00:00\" \/>\n<meta property=\"article:modified_time\" content=\"2024-02-08T14:38:41+00:00\" \/>\n<meta property=\"og:image\" content=\"https:\/\/algerieintelligence.com\/wp-content\/uploads\/2023\/05\/WaliRep.jpg\" \/>\n\t<meta property=\"og:image:width\" content=\"600\" \/>\n\t<meta property=\"og:image:height\" content=\"323\" \/>\n\t<meta property=\"og:image:type\" content=\"image\/jpeg\" \/>\n<meta name=\"author\" content=\"Redac\" \/>\n<meta name=\"twitter:card\" content=\"summary_large_image\" \/>\n<meta name=\"twitter:label1\" content=\"\u00c9crit par\" \/>\n\t<meta name=\"twitter:data1\" content=\"Redac\" \/>\n\t<meta name=\"twitter:label2\" content=\"Dur\u00e9e de lecture estim\u00e9e\" \/>\n\t<meta name=\"twitter:data2\" content=\"2 minutes\" \/>\n<script type=\"application\/ld+json\" class=\"yoast-schema-graph\">{\"@context\":\"https:\/\/schema.org\",\"@graph\":[{\"@type\":\"WebPage\",\"@id\":\"https:\/\/algerieintelligence.com\/index.php\/2023\/04\/10\/le-president-de-la-republique-a-t-il-un-reel-pouvoir-sur-les-walis\/\",\"url\":\"https:\/\/algerieintelligence.com\/index.php\/2023\/04\/10\/le-president-de-la-republique-a-t-il-un-reel-pouvoir-sur-les-walis\/\",\"name\":\"Le Pr\u00e9sident de la R\u00e9publique a-t-il un r\u00e9el pouvoir sur les Walis? - Alg\u00e9rie Intelligence\",\"isPartOf\":{\"@id\":\"https:\/\/algerieintelligence.com\/#website\"},\"primaryImageOfPage\":{\"@id\":\"https:\/\/algerieintelligence.com\/index.php\/2023\/04\/10\/le-president-de-la-republique-a-t-il-un-reel-pouvoir-sur-les-walis\/#primaryimage\"},\"image\":{\"@id\":\"https:\/\/algerieintelligence.com\/index.php\/2023\/04\/10\/le-president-de-la-republique-a-t-il-un-reel-pouvoir-sur-les-walis\/#primaryimage\"},\"thumbnailUrl\":\"https:\/\/algerieintelligence.com\/wp-content\/uploads\/2023\/05\/WaliRep.jpg\",\"datePublished\":\"2023-04-10T20:29:26+00:00\",\"dateModified\":\"2024-02-08T14:38:41+00:00\",\"author\":{\"@id\":\"https:\/\/algerieintelligence.com\/#\/schema\/person\/c648b09662082cf8039362aa83d977b5\"},\"breadcrumb\":{\"@id\":\"https:\/\/algerieintelligence.com\/index.php\/2023\/04\/10\/le-president-de-la-republique-a-t-il-un-reel-pouvoir-sur-les-walis\/#breadcrumb\"},\"inLanguage\":\"fr-FR\",\"potentialAction\":[{\"@type\":\"ReadAction\",\"target\":[\"https:\/\/algerieintelligence.com\/index.php\/2023\/04\/10\/le-president-de-la-republique-a-t-il-un-reel-pouvoir-sur-les-walis\/\"]}]},{\"@type\":\"ImageObject\",\"inLanguage\":\"fr-FR\",\"@id\":\"https:\/\/algerieintelligence.com\/index.php\/2023\/04\/10\/le-president-de-la-republique-a-t-il-un-reel-pouvoir-sur-les-walis\/#primaryimage\",\"url\":\"https:\/\/algerieintelligence.com\/wp-content\/uploads\/2023\/05\/WaliRep.jpg\",\"contentUrl\":\"https:\/\/algerieintelligence.com\/wp-content\/uploads\/2023\/05\/WaliRep.jpg\",\"width\":600,\"height\":323},{\"@type\":\"BreadcrumbList\",\"@id\":\"https:\/\/algerieintelligence.com\/index.php\/2023\/04\/10\/le-president-de-la-republique-a-t-il-un-reel-pouvoir-sur-les-walis\/#breadcrumb\",\"itemListElement\":[{\"@type\":\"ListItem\",\"position\":1,\"name\":\"Accueil\",\"item\":\"https:\/\/algerieintelligence.com\/\"},{\"@type\":\"ListItem\",\"position\":2,\"name\":\"Le Pr\u00e9sident de la R\u00e9publique a-t-il un r\u00e9el pouvoir sur les Walis?\"}]},{\"@type\":\"WebSite\",\"@id\":\"https:\/\/algerieintelligence.com\/#website\",\"url\":\"https:\/\/algerieintelligence.com\/\",\"name\":\"Alg\u00e9rie Intelligence\",\"description\":\"\",\"potentialAction\":[{\"@type\":\"SearchAction\",\"target\":{\"@type\":\"EntryPoint\",\"urlTemplate\":\"https:\/\/algerieintelligence.com\/?s={search_term_string}\"},\"query-input\":{\"@type\":\"PropertyValueSpecification\",\"valueRequired\":true,\"valueName\":\"search_term_string\"}}],\"inLanguage\":\"fr-FR\"},{\"@type\":\"Person\",\"@id\":\"https:\/\/algerieintelligence.com\/#\/schema\/person\/c648b09662082cf8039362aa83d977b5\",\"name\":\"Redac\",\"image\":{\"@type\":\"ImageObject\",\"inLanguage\":\"fr-FR\",\"@id\":\"https:\/\/algerieintelligence.com\/#\/schema\/person\/image\/\",\"url\":\"https:\/\/secure.gravatar.com\/avatar\/3e3f5b8d3962700be4db1c1605b3dd39f46197dd59d1ddf1f24234efad67103b?s=96&d=mm&r=g\",\"contentUrl\":\"https:\/\/secure.gravatar.com\/avatar\/3e3f5b8d3962700be4db1c1605b3dd39f46197dd59d1ddf1f24234efad67103b?s=96&d=mm&r=g\",\"caption\":\"Redac\"},\"sameAs\":[\"http:\/\/algerieintelligence.com\"]}]}<\/script>\n<!-- \/ Yoast SEO plugin. -->","yoast_head_json":{"title":"Le Pr\u00e9sident de la R\u00e9publique a-t-il un r\u00e9el pouvoir sur les Walis? - Alg\u00e9rie Intelligence","robots":{"index":"index","follow":"follow","max-snippet":"max-snippet:-1","max-image-preview":"max-image-preview:large","max-video-preview":"max-video-preview:-1"},"canonical":"https:\/\/algerieintelligence.com\/index.php\/2023\/04\/10\/le-president-de-la-republique-a-t-il-un-reel-pouvoir-sur-les-walis\/","og_locale":"fr_FR","og_type":"article","og_title":"Le Pr\u00e9sident de la R\u00e9publique a-t-il un r\u00e9el pouvoir sur les Walis? - Alg\u00e9rie Intelligence","og_description":"Le Pr\u00e9sident de la R\u00e9publique a-t-il un r\u00e9el pouvoir sur les Walis? C&rsquo;est en effet la question qui se pose lorsque l&rsquo;on entend le premier magistrat de l&rsquo;\u00c9tat se plaindre des entraves bureaucratiques auxquelles font face non seulement les investissements dans diff\u00e9rents secteurs mais aussi les d\u00e9cisions \u00e9manant de la Pr\u00e9sidence de la R\u00e9publique elle-m\u00eame. [&hellip;]","og_url":"https:\/\/algerieintelligence.com\/index.php\/2023\/04\/10\/le-president-de-la-republique-a-t-il-un-reel-pouvoir-sur-les-walis\/","og_site_name":"Alg\u00e9rie Intelligence","article_published_time":"2023-04-10T20:29:26+00:00","article_modified_time":"2024-02-08T14:38:41+00:00","og_image":[{"width":600,"height":323,"url":"https:\/\/algerieintelligence.com\/wp-content\/uploads\/2023\/05\/WaliRep.jpg","type":"image\/jpeg"}],"author":"Redac","twitter_card":"summary_large_image","twitter_misc":{"\u00c9crit par":"Redac","Dur\u00e9e de lecture estim\u00e9e":"2 minutes"},"schema":{"@context":"https:\/\/schema.org","@graph":[{"@type":"WebPage","@id":"https:\/\/algerieintelligence.com\/index.php\/2023\/04\/10\/le-president-de-la-republique-a-t-il-un-reel-pouvoir-sur-les-walis\/","url":"https:\/\/algerieintelligence.com\/index.php\/2023\/04\/10\/le-president-de-la-republique-a-t-il-un-reel-pouvoir-sur-les-walis\/","name":"Le Pr\u00e9sident de la R\u00e9publique a-t-il un r\u00e9el pouvoir sur les Walis? - Alg\u00e9rie Intelligence","isPartOf":{"@id":"https:\/\/algerieintelligence.com\/#website"},"primaryImageOfPage":{"@id":"https:\/\/algerieintelligence.com\/index.php\/2023\/04\/10\/le-president-de-la-republique-a-t-il-un-reel-pouvoir-sur-les-walis\/#primaryimage"},"image":{"@id":"https:\/\/algerieintelligence.com\/index.php\/2023\/04\/10\/le-president-de-la-republique-a-t-il-un-reel-pouvoir-sur-les-walis\/#primaryimage"},"thumbnailUrl":"https:\/\/algerieintelligence.com\/wp-content\/uploads\/2023\/05\/WaliRep.jpg","datePublished":"2023-04-10T20:29:26+00:00","dateModified":"2024-02-08T14:38:41+00:00","author":{"@id":"https:\/\/algerieintelligence.com\/#\/schema\/person\/c648b09662082cf8039362aa83d977b5"},"breadcrumb":{"@id":"https:\/\/algerieintelligence.com\/index.php\/2023\/04\/10\/le-president-de-la-republique-a-t-il-un-reel-pouvoir-sur-les-walis\/#breadcrumb"},"inLanguage":"fr-FR","potentialAction":[{"@type":"ReadAction","target":["https:\/\/algerieintelligence.com\/index.php\/2023\/04\/10\/le-president-de-la-republique-a-t-il-un-reel-pouvoir-sur-les-walis\/"]}]},{"@type":"ImageObject","inLanguage":"fr-FR","@id":"https:\/\/algerieintelligence.com\/index.php\/2023\/04\/10\/le-president-de-la-republique-a-t-il-un-reel-pouvoir-sur-les-walis\/#primaryimage","url":"https:\/\/algerieintelligence.com\/wp-content\/uploads\/2023\/05\/WaliRep.jpg","contentUrl":"https:\/\/algerieintelligence.com\/wp-content\/uploads\/2023\/05\/WaliRep.jpg","width":600,"height":323},{"@type":"BreadcrumbList","@id":"https:\/\/algerieintelligence.com\/index.php\/2023\/04\/10\/le-president-de-la-republique-a-t-il-un-reel-pouvoir-sur-les-walis\/#breadcrumb","itemListElement":[{"@type":"ListItem","position":1,"name":"Accueil","item":"https:\/\/algerieintelligence.com\/"},{"@type":"ListItem","position":2,"name":"Le Pr\u00e9sident de la R\u00e9publique a-t-il un r\u00e9el pouvoir sur les Walis?"}]},{"@type":"WebSite","@id":"https:\/\/algerieintelligence.com\/#website","url":"https:\/\/algerieintelligence.com\/","name":"Alg\u00e9rie Intelligence","description":"","potentialAction":[{"@type":"SearchAction","target":{"@type":"EntryPoint","urlTemplate":"https:\/\/algerieintelligence.com\/?s={search_term_string}"},"query-input":{"@type":"PropertyValueSpecification","valueRequired":true,"valueName":"search_term_string"}}],"inLanguage":"fr-FR"},{"@type":"Person","@id":"https:\/\/algerieintelligence.com\/#\/schema\/person\/c648b09662082cf8039362aa83d977b5","name":"Redac","image":{"@type":"ImageObject","inLanguage":"fr-FR","@id":"https:\/\/algerieintelligence.com\/#\/schema\/person\/image\/","url":"https:\/\/secure.gravatar.com\/avatar\/3e3f5b8d3962700be4db1c1605b3dd39f46197dd59d1ddf1f24234efad67103b?s=96&d=mm&r=g","contentUrl":"https:\/\/secure.gravatar.com\/avatar\/3e3f5b8d3962700be4db1c1605b3dd39f46197dd59d1ddf1f24234efad67103b?s=96&d=mm&r=g","caption":"Redac"},"sameAs":["http:\/\/algerieintelligence.com"]}]}},"_links":{"self":[{"href":"https:\/\/algerieintelligence.com\/index.php\/wp-json\/wp\/v2\/posts\/959","targetHints":{"allow":["GET"]}}],"collection":[{"href":"https:\/\/algerieintelligence.com\/index.php\/wp-json\/wp\/v2\/posts"}],"about":[{"href":"https:\/\/algerieintelligence.com\/index.php\/wp-json\/wp\/v2\/types\/post"}],"author":[{"embeddable":true,"href":"https:\/\/algerieintelligence.com\/index.php\/wp-json\/wp\/v2\/users\/2"}],"replies":[{"embeddable":true,"href":"https:\/\/algerieintelligence.com\/index.php\/wp-json\/wp\/v2\/comments?post=959"}],"version-history":[{"count":5,"href":"https:\/\/algerieintelligence.com\/index.php\/wp-json\/wp\/v2\/posts\/959\/revisions"}],"predecessor-version":[{"id":966,"href":"https:\/\/algerieintelligence.com\/index.php\/wp-json\/wp\/v2\/posts\/959\/revisions\/966"}],"wp:featuredmedia":[{"embeddable":true,"href":"https:\/\/algerieintelligence.com\/index.php\/wp-json\/wp\/v2\/media\/965"}],"wp:attachment":[{"href":"https:\/\/algerieintelligence.com\/index.php\/wp-json\/wp\/v2\/media?parent=959"}],"wp:term":[{"taxonomy":"category","embeddable":true,"href":"https:\/\/algerieintelligence.com\/index.php\/wp-json\/wp\/v2\/categories?post=959"},{"taxonomy":"post_tag","embeddable":true,"href":"https:\/\/algerieintelligence.com\/index.php\/wp-json\/wp\/v2\/tags?post=959"}],"curies":[{"name":"wp","href":"https:\/\/api.w.org\/{rel}","templated":true}]}}