{"id":903,"date":"2022-11-16T02:12:14","date_gmt":"2022-11-16T01:12:14","guid":{"rendered":"https:\/\/algerieintelligence.com\/?p=903"},"modified":"2022-11-16T05:11:55","modified_gmt":"2022-11-16T04:11:55","slug":"le-pays-souhaite-integrer-les-brics-lalgerie-est-elle-un-pays-emergent","status":"publish","type":"post","link":"https:\/\/algerieintelligence.com\/index.php\/2022\/11\/16\/le-pays-souhaite-integrer-les-brics-lalgerie-est-elle-un-pays-emergent\/","title":{"rendered":"Le pays souhaite int\u00e9grer les BRICS : l&rsquo;Alg\u00e9rie est-elle un pays \u00e9mergent?"},"content":{"rendered":"\n<h2 class=\"has-text-color wp-block-heading\" style=\"color:#b82929;font-size:38px;line-height:1.4\"><strong>Le pays souhaite int\u00e9grer les BRICS : l&rsquo;Alg\u00e9rie est-elle un pays \u00e9mergent<\/strong><\/h2>\n\n\n\n<div class=\"wp-block-columns is-layout-flex wp-container-core-columns-is-layout-9d6595d7 wp-block-columns-is-layout-flex\">\n<div class=\"wp-block-column is-layout-flow wp-block-column-is-layout-flow\">\n<p style=\"font-size:18px\">L&rsquo;Alg\u00e9rie a officiellement annonc\u00e9 sa volont\u00e9 de rejoindre les BRICS, un groupe de pays qui ne se ressemblent pas ou peu mais qui repr\u00e9sentent plus de deux milliards d&rsquo;\u00eatres humains ainsi que des \u00e9conomies qu&rsquo;on qualifierait d&rsquo;\u00e9mergentes, \u00e0 l&rsquo;exception de la Chine qui est selon beaucoup d&rsquo;\u00e9conomistes la premi\u00e8re \u00e9conomie mondiale, devant les \u00c9tats-Unis. Avec cette annonce, l&rsquo;Alg\u00e9rie r\u00e9affirme sa volont\u00e9 de s&rsquo;imposer comme une \u00ab\u00a0puissance r\u00e9gionale\u00a0\u00bb, un slogan que les autorit\u00e9s politiques mart\u00e8lent depuis que le pr\u00e9sident Tebboune est au pouvoir. L&rsquo;ambition du pays d&rsquo;appara\u00eetre officiellement comme un pays \u00e9mergent est une rupture<\/p>\n<\/div>\n\n\n\n<div class=\"wp-block-column is-layout-flow wp-block-column-is-layout-flow\">\n<p style=\"font-size:18px\">avec les ann\u00e9es Bouteflika o\u00f9 le pays s&rsquo;\u00e9tait totalement retir\u00e9 de la sc\u00e8ne diplomatique. L&rsquo;initiative est donc louable voire m\u00eame logique pour le plus grand pays d&rsquo;Afrique, du monde arabophone et du bassin m\u00e9diterran\u00e9en. Selon l&rsquo;opinion interne, cependant, le pays est encore loin de pouvoir \u00eatre consid\u00e9r\u00e9 comme un pays \u00e9mergent et le slogan \u00ab\u00a0puissance r\u00e9gionale\u00a0\u00bb est m\u00eame souvent raill\u00e9 sur les r\u00e9seaux sociaux pour critiquer le manque de d\u00e9veloppement dans plusieurs secteurs et r\u00e9gions du pays. L&rsquo;\u00e9mergence n&rsquo;est donc pas loin \u00e0 condition d&rsquo;acc\u00e9l\u00e9rer le d\u00e9veloppement multisectoriel et, surtout, d&rsquo;inclure les comp\u00e9tences nationales dans le mouvement.<\/p>\n<\/div>\n<\/div>\n","protected":false},"excerpt":{"rendered":"<p>Le pays souhaite int\u00e9grer les BRICS : l&rsquo;Alg\u00e9rie est-elle un pays \u00e9mergent L&rsquo;Alg\u00e9rie a officiellement annonc\u00e9 sa volont\u00e9 de rejoindre les BRICS, un groupe de pays qui ne se ressemblent pas ou peu mais qui repr\u00e9sentent plus de deux milliards d&rsquo;\u00eatres humains ainsi que des \u00e9conomies qu&rsquo;on qualifierait d&rsquo;\u00e9mergentes, \u00e0 l&rsquo;exception de la Chine qui [&hellip;]<\/p>\n","protected":false},"author":2,"featured_media":905,"comment_status":"open","ping_status":"open","sticky":false,"template":"","format":"standard","meta":{"footnotes":""},"categories":[7,8],"tags":[],"class_list":["post-903","post","type-post","status-publish","format-standard","has-post-thumbnail","hentry","category-economie","category-international"],"yoast_head":"<!-- This site is optimized with the Yoast SEO plugin v26.0 - https:\/\/yoast.com\/wordpress\/plugins\/seo\/ -->\n<title>Le pays souhaite int\u00e9grer les BRICS : l&#039;Alg\u00e9rie est-elle un pays \u00e9mergent? - Alg\u00e9rie Intelligence<\/title>\n<meta name=\"robots\" content=\"index, follow, max-snippet:-1, max-image-preview:large, max-video-preview:-1\" \/>\n<link rel=\"canonical\" href=\"https:\/\/algerieintelligence.com\/index.php\/2022\/11\/16\/le-pays-souhaite-integrer-les-brics-lalgerie-est-elle-un-pays-emergent\/\" \/>\n<meta property=\"og:locale\" content=\"fr_FR\" \/>\n<meta property=\"og:type\" content=\"article\" \/>\n<meta property=\"og:title\" content=\"Le pays souhaite int\u00e9grer les BRICS : l&#039;Alg\u00e9rie est-elle un pays \u00e9mergent? - Alg\u00e9rie Intelligence\" \/>\n<meta property=\"og:description\" content=\"Le pays souhaite int\u00e9grer les BRICS : l&rsquo;Alg\u00e9rie est-elle un pays \u00e9mergent L&rsquo;Alg\u00e9rie a officiellement annonc\u00e9 sa volont\u00e9 de rejoindre les BRICS, un groupe de pays qui ne se ressemblent pas ou peu mais qui repr\u00e9sentent plus de deux milliards d&rsquo;\u00eatres humains ainsi que des \u00e9conomies qu&rsquo;on qualifierait d&rsquo;\u00e9mergentes, \u00e0 l&rsquo;exception de la Chine qui [&hellip;]\" \/>\n<meta property=\"og:url\" content=\"https:\/\/algerieintelligence.com\/index.php\/2022\/11\/16\/le-pays-souhaite-integrer-les-brics-lalgerie-est-elle-un-pays-emergent\/\" \/>\n<meta property=\"og:site_name\" content=\"Alg\u00e9rie Intelligence\" \/>\n<meta property=\"article:published_time\" content=\"2022-11-16T01:12:14+00:00\" \/>\n<meta property=\"article:modified_time\" content=\"2022-11-16T04:11:55+00:00\" \/>\n<meta property=\"og:image\" content=\"https:\/\/algerieintelligence.com\/wp-content\/uploads\/2022\/11\/Informal_meeting_of_the_BRICS_during_the_2019_G20_Osaka_summit.jpg\" \/>\n\t<meta property=\"og:image:width\" content=\"800\" \/>\n\t<meta property=\"og:image:height\" content=\"533\" \/>\n\t<meta property=\"og:image:type\" content=\"image\/jpeg\" \/>\n<meta name=\"author\" content=\"Redac\" \/>\n<meta name=\"twitter:card\" content=\"summary_large_image\" \/>\n<meta name=\"twitter:label1\" content=\"\u00c9crit par\" \/>\n\t<meta name=\"twitter:data1\" content=\"Redac\" \/>\n\t<meta name=\"twitter:label2\" content=\"Dur\u00e9e de lecture estim\u00e9e\" \/>\n\t<meta name=\"twitter:data2\" content=\"2 minutes\" \/>\n<script type=\"application\/ld+json\" class=\"yoast-schema-graph\">{\"@context\":\"https:\/\/schema.org\",\"@graph\":[{\"@type\":\"WebPage\",\"@id\":\"https:\/\/algerieintelligence.com\/index.php\/2022\/11\/16\/le-pays-souhaite-integrer-les-brics-lalgerie-est-elle-un-pays-emergent\/\",\"url\":\"https:\/\/algerieintelligence.com\/index.php\/2022\/11\/16\/le-pays-souhaite-integrer-les-brics-lalgerie-est-elle-un-pays-emergent\/\",\"name\":\"Le pays souhaite int\u00e9grer les BRICS : l'Alg\u00e9rie est-elle un pays \u00e9mergent? - Alg\u00e9rie Intelligence\",\"isPartOf\":{\"@id\":\"https:\/\/algerieintelligence.com\/#website\"},\"primaryImageOfPage\":{\"@id\":\"https:\/\/algerieintelligence.com\/index.php\/2022\/11\/16\/le-pays-souhaite-integrer-les-brics-lalgerie-est-elle-un-pays-emergent\/#primaryimage\"},\"image\":{\"@id\":\"https:\/\/algerieintelligence.com\/index.php\/2022\/11\/16\/le-pays-souhaite-integrer-les-brics-lalgerie-est-elle-un-pays-emergent\/#primaryimage\"},\"thumbnailUrl\":\"https:\/\/algerieintelligence.com\/wp-content\/uploads\/2022\/11\/Informal_meeting_of_the_BRICS_during_the_2019_G20_Osaka_summit.jpg\",\"datePublished\":\"2022-11-16T01:12:14+00:00\",\"dateModified\":\"2022-11-16T04:11:55+00:00\",\"author\":{\"@id\":\"https:\/\/algerieintelligence.com\/#\/schema\/person\/c648b09662082cf8039362aa83d977b5\"},\"breadcrumb\":{\"@id\":\"https:\/\/algerieintelligence.com\/index.php\/2022\/11\/16\/le-pays-souhaite-integrer-les-brics-lalgerie-est-elle-un-pays-emergent\/#breadcrumb\"},\"inLanguage\":\"fr-FR\",\"potentialAction\":[{\"@type\":\"ReadAction\",\"target\":[\"https:\/\/algerieintelligence.com\/index.php\/2022\/11\/16\/le-pays-souhaite-integrer-les-brics-lalgerie-est-elle-un-pays-emergent\/\"]}]},{\"@type\":\"ImageObject\",\"inLanguage\":\"fr-FR\",\"@id\":\"https:\/\/algerieintelligence.com\/index.php\/2022\/11\/16\/le-pays-souhaite-integrer-les-brics-lalgerie-est-elle-un-pays-emergent\/#primaryimage\",\"url\":\"https:\/\/algerieintelligence.com\/wp-content\/uploads\/2022\/11\/Informal_meeting_of_the_BRICS_during_the_2019_G20_Osaka_summit.jpg\",\"contentUrl\":\"https:\/\/algerieintelligence.com\/wp-content\/uploads\/2022\/11\/Informal_meeting_of_the_BRICS_during_the_2019_G20_Osaka_summit.jpg\",\"width\":800,\"height\":533,\"caption\":\"(Osaka - Jap\u00e3o, 28\/06\/2019) Presidente da Rep\u00fablica, Jair Bolsonaro, durante foto de fam\u00edlia dos L\u00edderes dos BRICS..Foto: Alan Santos \/ PR\"},{\"@type\":\"BreadcrumbList\",\"@id\":\"https:\/\/algerieintelligence.com\/index.php\/2022\/11\/16\/le-pays-souhaite-integrer-les-brics-lalgerie-est-elle-un-pays-emergent\/#breadcrumb\",\"itemListElement\":[{\"@type\":\"ListItem\",\"position\":1,\"name\":\"Accueil\",\"item\":\"https:\/\/algerieintelligence.com\/\"},{\"@type\":\"ListItem\",\"position\":2,\"name\":\"Le pays souhaite int\u00e9grer les BRICS : l&rsquo;Alg\u00e9rie est-elle un pays \u00e9mergent?\"}]},{\"@type\":\"WebSite\",\"@id\":\"https:\/\/algerieintelligence.com\/#website\",\"url\":\"https:\/\/algerieintelligence.com\/\",\"name\":\"Alg\u00e9rie Intelligence\",\"description\":\"\",\"potentialAction\":[{\"@type\":\"SearchAction\",\"target\":{\"@type\":\"EntryPoint\",\"urlTemplate\":\"https:\/\/algerieintelligence.com\/?s={search_term_string}\"},\"query-input\":{\"@type\":\"PropertyValueSpecification\",\"valueRequired\":true,\"valueName\":\"search_term_string\"}}],\"inLanguage\":\"fr-FR\"},{\"@type\":\"Person\",\"@id\":\"https:\/\/algerieintelligence.com\/#\/schema\/person\/c648b09662082cf8039362aa83d977b5\",\"name\":\"Redac\",\"image\":{\"@type\":\"ImageObject\",\"inLanguage\":\"fr-FR\",\"@id\":\"https:\/\/algerieintelligence.com\/#\/schema\/person\/image\/\",\"url\":\"https:\/\/secure.gravatar.com\/avatar\/3e3f5b8d3962700be4db1c1605b3dd39f46197dd59d1ddf1f24234efad67103b?s=96&d=mm&r=g\",\"contentUrl\":\"https:\/\/secure.gravatar.com\/avatar\/3e3f5b8d3962700be4db1c1605b3dd39f46197dd59d1ddf1f24234efad67103b?s=96&d=mm&r=g\",\"caption\":\"Redac\"},\"sameAs\":[\"http:\/\/algerieintelligence.com\"]}]}<\/script>\n<!-- \/ Yoast SEO plugin. -->","yoast_head_json":{"title":"Le pays souhaite int\u00e9grer les BRICS : l'Alg\u00e9rie est-elle un pays \u00e9mergent? - Alg\u00e9rie Intelligence","robots":{"index":"index","follow":"follow","max-snippet":"max-snippet:-1","max-image-preview":"max-image-preview:large","max-video-preview":"max-video-preview:-1"},"canonical":"https:\/\/algerieintelligence.com\/index.php\/2022\/11\/16\/le-pays-souhaite-integrer-les-brics-lalgerie-est-elle-un-pays-emergent\/","og_locale":"fr_FR","og_type":"article","og_title":"Le pays souhaite int\u00e9grer les BRICS : l'Alg\u00e9rie est-elle un pays \u00e9mergent? - Alg\u00e9rie Intelligence","og_description":"Le pays souhaite int\u00e9grer les BRICS : l&rsquo;Alg\u00e9rie est-elle un pays \u00e9mergent L&rsquo;Alg\u00e9rie a officiellement annonc\u00e9 sa volont\u00e9 de rejoindre les BRICS, un groupe de pays qui ne se ressemblent pas ou peu mais qui repr\u00e9sentent plus de deux milliards d&rsquo;\u00eatres humains ainsi que des \u00e9conomies qu&rsquo;on qualifierait d&rsquo;\u00e9mergentes, \u00e0 l&rsquo;exception de la Chine qui [&hellip;]","og_url":"https:\/\/algerieintelligence.com\/index.php\/2022\/11\/16\/le-pays-souhaite-integrer-les-brics-lalgerie-est-elle-un-pays-emergent\/","og_site_name":"Alg\u00e9rie Intelligence","article_published_time":"2022-11-16T01:12:14+00:00","article_modified_time":"2022-11-16T04:11:55+00:00","og_image":[{"width":800,"height":533,"url":"https:\/\/algerieintelligence.com\/wp-content\/uploads\/2022\/11\/Informal_meeting_of_the_BRICS_during_the_2019_G20_Osaka_summit.jpg","type":"image\/jpeg"}],"author":"Redac","twitter_card":"summary_large_image","twitter_misc":{"\u00c9crit par":"Redac","Dur\u00e9e de lecture estim\u00e9e":"2 minutes"},"schema":{"@context":"https:\/\/schema.org","@graph":[{"@type":"WebPage","@id":"https:\/\/algerieintelligence.com\/index.php\/2022\/11\/16\/le-pays-souhaite-integrer-les-brics-lalgerie-est-elle-un-pays-emergent\/","url":"https:\/\/algerieintelligence.com\/index.php\/2022\/11\/16\/le-pays-souhaite-integrer-les-brics-lalgerie-est-elle-un-pays-emergent\/","name":"Le pays souhaite int\u00e9grer les BRICS : l'Alg\u00e9rie est-elle un pays \u00e9mergent? - Alg\u00e9rie Intelligence","isPartOf":{"@id":"https:\/\/algerieintelligence.com\/#website"},"primaryImageOfPage":{"@id":"https:\/\/algerieintelligence.com\/index.php\/2022\/11\/16\/le-pays-souhaite-integrer-les-brics-lalgerie-est-elle-un-pays-emergent\/#primaryimage"},"image":{"@id":"https:\/\/algerieintelligence.com\/index.php\/2022\/11\/16\/le-pays-souhaite-integrer-les-brics-lalgerie-est-elle-un-pays-emergent\/#primaryimage"},"thumbnailUrl":"https:\/\/algerieintelligence.com\/wp-content\/uploads\/2022\/11\/Informal_meeting_of_the_BRICS_during_the_2019_G20_Osaka_summit.jpg","datePublished":"2022-11-16T01:12:14+00:00","dateModified":"2022-11-16T04:11:55+00:00","author":{"@id":"https:\/\/algerieintelligence.com\/#\/schema\/person\/c648b09662082cf8039362aa83d977b5"},"breadcrumb":{"@id":"https:\/\/algerieintelligence.com\/index.php\/2022\/11\/16\/le-pays-souhaite-integrer-les-brics-lalgerie-est-elle-un-pays-emergent\/#breadcrumb"},"inLanguage":"fr-FR","potentialAction":[{"@type":"ReadAction","target":["https:\/\/algerieintelligence.com\/index.php\/2022\/11\/16\/le-pays-souhaite-integrer-les-brics-lalgerie-est-elle-un-pays-emergent\/"]}]},{"@type":"ImageObject","inLanguage":"fr-FR","@id":"https:\/\/algerieintelligence.com\/index.php\/2022\/11\/16\/le-pays-souhaite-integrer-les-brics-lalgerie-est-elle-un-pays-emergent\/#primaryimage","url":"https:\/\/algerieintelligence.com\/wp-content\/uploads\/2022\/11\/Informal_meeting_of_the_BRICS_during_the_2019_G20_Osaka_summit.jpg","contentUrl":"https:\/\/algerieintelligence.com\/wp-content\/uploads\/2022\/11\/Informal_meeting_of_the_BRICS_during_the_2019_G20_Osaka_summit.jpg","width":800,"height":533,"caption":"(Osaka - Jap\u00e3o, 28\/06\/2019) Presidente da Rep\u00fablica, Jair Bolsonaro, durante foto de fam\u00edlia dos L\u00edderes dos BRICS..Foto: Alan Santos \/ PR"},{"@type":"BreadcrumbList","@id":"https:\/\/algerieintelligence.com\/index.php\/2022\/11\/16\/le-pays-souhaite-integrer-les-brics-lalgerie-est-elle-un-pays-emergent\/#breadcrumb","itemListElement":[{"@type":"ListItem","position":1,"name":"Accueil","item":"https:\/\/algerieintelligence.com\/"},{"@type":"ListItem","position":2,"name":"Le pays souhaite int\u00e9grer les BRICS : l&rsquo;Alg\u00e9rie est-elle un pays \u00e9mergent?"}]},{"@type":"WebSite","@id":"https:\/\/algerieintelligence.com\/#website","url":"https:\/\/algerieintelligence.com\/","name":"Alg\u00e9rie Intelligence","description":"","potentialAction":[{"@type":"SearchAction","target":{"@type":"EntryPoint","urlTemplate":"https:\/\/algerieintelligence.com\/?s={search_term_string}"},"query-input":{"@type":"PropertyValueSpecification","valueRequired":true,"valueName":"search_term_string"}}],"inLanguage":"fr-FR"},{"@type":"Person","@id":"https:\/\/algerieintelligence.com\/#\/schema\/person\/c648b09662082cf8039362aa83d977b5","name":"Redac","image":{"@type":"ImageObject","inLanguage":"fr-FR","@id":"https:\/\/algerieintelligence.com\/#\/schema\/person\/image\/","url":"https:\/\/secure.gravatar.com\/avatar\/3e3f5b8d3962700be4db1c1605b3dd39f46197dd59d1ddf1f24234efad67103b?s=96&d=mm&r=g","contentUrl":"https:\/\/secure.gravatar.com\/avatar\/3e3f5b8d3962700be4db1c1605b3dd39f46197dd59d1ddf1f24234efad67103b?s=96&d=mm&r=g","caption":"Redac"},"sameAs":["http:\/\/algerieintelligence.com"]}]}},"_links":{"self":[{"href":"https:\/\/algerieintelligence.com\/index.php\/wp-json\/wp\/v2\/posts\/903","targetHints":{"allow":["GET"]}}],"collection":[{"href":"https:\/\/algerieintelligence.com\/index.php\/wp-json\/wp\/v2\/posts"}],"about":[{"href":"https:\/\/algerieintelligence.com\/index.php\/wp-json\/wp\/v2\/types\/post"}],"author":[{"embeddable":true,"href":"https:\/\/algerieintelligence.com\/index.php\/wp-json\/wp\/v2\/users\/2"}],"replies":[{"embeddable":true,"href":"https:\/\/algerieintelligence.com\/index.php\/wp-json\/wp\/v2\/comments?post=903"}],"version-history":[{"count":3,"href":"https:\/\/algerieintelligence.com\/index.php\/wp-json\/wp\/v2\/posts\/903\/revisions"}],"predecessor-version":[{"id":908,"href":"https:\/\/algerieintelligence.com\/index.php\/wp-json\/wp\/v2\/posts\/903\/revisions\/908"}],"wp:featuredmedia":[{"embeddable":true,"href":"https:\/\/algerieintelligence.com\/index.php\/wp-json\/wp\/v2\/media\/905"}],"wp:attachment":[{"href":"https:\/\/algerieintelligence.com\/index.php\/wp-json\/wp\/v2\/media?parent=903"}],"wp:term":[{"taxonomy":"category","embeddable":true,"href":"https:\/\/algerieintelligence.com\/index.php\/wp-json\/wp\/v2\/categories?post=903"},{"taxonomy":"post_tag","embeddable":true,"href":"https:\/\/algerieintelligence.com\/index.php\/wp-json\/wp\/v2\/tags?post=903"}],"curies":[{"name":"wp","href":"https:\/\/api.w.org\/{rel}","templated":true}]}}