{"id":87,"date":"2020-11-25T06:33:39","date_gmt":"2020-11-25T05:33:39","guid":{"rendered":"https:\/\/algerieintelligence.com\/?p=87"},"modified":"2020-11-26T23:23:28","modified_gmt":"2020-11-26T22:23:28","slug":"lalgerie-entouree-par-la-guerre","status":"publish","type":"post","link":"https:\/\/algerieintelligence.com\/index.php\/2020\/11\/25\/lalgerie-entouree-par-la-guerre\/","title":{"rendered":"L&rsquo;Alg\u00e9rie entour\u00e9e par la guerre"},"content":{"rendered":"\n<h2 class=\"wp-block-heading\"><\/h2>\n\n\n\n<div class=\"wp-block-group\"><div class=\"wp-block-group__inner-container is-layout-flow wp-block-group-is-layout-flow\">\n<h2 class=\"has-text-color wp-block-heading\" style=\"font-size:38px;color:#ba0c49\">L&rsquo;Alg\u00e9rie entour\u00e9e par la guerre<\/h2>\n\n\n\n<div class=\"wp-block-columns is-layout-flex wp-container-core-columns-is-layout-9d6595d7 wp-block-columns-is-layout-flex\">\n<div class=\"wp-block-column is-layout-flow wp-block-column-is-layout-flow\">\n<p style=\"font-size:18px\">2020 n&rsquo;a pas \u00e9t\u00e9 une bonne ann\u00e9e pour la paix dans le monde, c&rsquo;est en tout cas ce qui ressort des nombreux conflits arm\u00e9s et moins arm\u00e9s qui ont marqu\u00e9 une ann\u00e9e qui aura \u00e9t\u00e9 pleine. Dans le plus grand pays d&rsquo;Afrique, la soci\u00e9t\u00e9 qui apprend \u00e0 vivre dans l&rsquo;Alg\u00e9rie post-hirak ne cesse de constater la d\u00e9gradation g\u00e9n\u00e9rale du cadre de vie dans un contexte mondial marqu\u00e9 par une pand\u00e9mie d\u00e9vastatrice pour les \u00e9conomies les plus fragiles. L&rsquo;Alg\u00e9rie, confront\u00e9e \u00e0 la crise \u00e9conomique la plus dure de son histoire, doit en plus g\u00e9rer une transition politique douloureuse mais aussi plusieurs conflits arm\u00e9s \u00e0 ses fronti\u00e8res. M\u00eame si l&rsquo;Alg\u00e9rie n&rsquo;est directement impliqu\u00e9e dans aucun de ces conflits, du moins pas officiellement, le fait qu&rsquo;ils soient \u00e0 nos fronti\u00e8res exige une mobilisation longue et co\u00fbteuse. Cela fait maintenant pr\u00e8s de 10 ans que L&rsquo;Alg\u00e9rie vit avec la menace permanente sur ses fronti\u00e8res que repr\u00e9sente en premier lieu la guerre en Libye.<\/p>\n<\/div>\n\n\n\n<div class=\"wp-block-column is-layout-flow wp-block-column-is-layout-flow\">\n<p style=\"font-size:18px\">\u00c0 cela s&rsquo;ajoute une situation quasi chaotique aux fronti\u00e8res sud \u00e9tant donn\u00e9 l&rsquo;incapacit\u00e9 des Etats malien et nig\u00e9rien \u00e0 assurer l&rsquo;ordre dans le nord de leurs pays respectifs. \u00c0 l&rsquo;ouest, le Polisario, le mouvement nationaliste sahraoui, vient de d\u00e9clarer la fin du cessez-le-feu avec le royaume du Maroc ce qui signifie le retour \u00e0 la lutte arm\u00e9e pour cette organisation soutenue diplomatiquement par l&rsquo;Alg\u00e9rie, Cuba et l&rsquo;Afrique du Sud entre autres. L&rsquo;arm\u00e9e alg\u00e9rienne est ainsi mobilis\u00e9e aux fronti\u00e8res dans un \u00e9tat de vigilance permanent \u00e0 l&rsquo;est, dans le sud et \u00e0 l&rsquo;ouest du pays, trois r\u00e9gions parmi les plus sensibles de notre continent. Les d\u00e9fis s\u00e9curitaires auxquels fait face la nouvelle administration alg\u00e9rienne sont immenses et l&rsquo;argent pour alimenter l&rsquo;\u00e9tat de guerre \u00e0 nos fronti\u00e8res risque de manquer en cette p\u00e9riode. L&rsquo;Alg\u00e9rie pour se sortir de ce virage \u00e9troit aura besoin de beaucoup de g\u00e9nie et de r\u00e9silience.<\/p>\n<\/div>\n<\/div>\n<\/div><\/div>\n","protected":false},"excerpt":{"rendered":"<p>L&rsquo;Alg\u00e9rie entour\u00e9e par la guerre 2020 n&rsquo;a pas \u00e9t\u00e9 une bonne ann\u00e9e pour la paix dans le monde, c&rsquo;est en tout cas ce qui ressort des nombreux conflits arm\u00e9s et moins arm\u00e9s qui ont marqu\u00e9 une ann\u00e9e qui aura \u00e9t\u00e9 pleine. Dans le plus grand pays d&rsquo;Afrique, la soci\u00e9t\u00e9 qui apprend \u00e0 vivre dans l&rsquo;Alg\u00e9rie [&hellip;]<\/p>\n","protected":false},"author":2,"featured_media":89,"comment_status":"open","ping_status":"open","sticky":false,"template":"","format":"standard","meta":{"footnotes":""},"categories":[5],"tags":[],"class_list":["post-87","post","type-post","status-publish","format-standard","has-post-thumbnail","hentry","category-analyse-et-info"],"yoast_head":"<!-- This site is optimized with the Yoast SEO plugin v26.0 - https:\/\/yoast.com\/wordpress\/plugins\/seo\/ -->\n<title>L&#039;Alg\u00e9rie entour\u00e9e par la guerre - Alg\u00e9rie Intelligence<\/title>\n<meta name=\"robots\" content=\"index, follow, max-snippet:-1, max-image-preview:large, max-video-preview:-1\" \/>\n<link rel=\"canonical\" href=\"https:\/\/algerieintelligence.com\/index.php\/2020\/11\/25\/lalgerie-entouree-par-la-guerre\/\" \/>\n<meta property=\"og:locale\" content=\"fr_FR\" \/>\n<meta property=\"og:type\" content=\"article\" \/>\n<meta property=\"og:title\" content=\"L&#039;Alg\u00e9rie entour\u00e9e par la guerre - Alg\u00e9rie Intelligence\" \/>\n<meta property=\"og:description\" content=\"L&rsquo;Alg\u00e9rie entour\u00e9e par la guerre 2020 n&rsquo;a pas \u00e9t\u00e9 une bonne ann\u00e9e pour la paix dans le monde, c&rsquo;est en tout cas ce qui ressort des nombreux conflits arm\u00e9s et moins arm\u00e9s qui ont marqu\u00e9 une ann\u00e9e qui aura \u00e9t\u00e9 pleine. Dans le plus grand pays d&rsquo;Afrique, la soci\u00e9t\u00e9 qui apprend \u00e0 vivre dans l&rsquo;Alg\u00e9rie [&hellip;]\" \/>\n<meta property=\"og:url\" content=\"https:\/\/algerieintelligence.com\/index.php\/2020\/11\/25\/lalgerie-entouree-par-la-guerre\/\" \/>\n<meta property=\"og:site_name\" content=\"Alg\u00e9rie Intelligence\" \/>\n<meta property=\"article:published_time\" content=\"2020-11-25T05:33:39+00:00\" \/>\n<meta property=\"article:modified_time\" content=\"2020-11-26T22:23:28+00:00\" \/>\n<meta property=\"og:image\" content=\"https:\/\/algerieintelligence.com\/wp-content\/uploads\/2020\/11\/combat-anp-mdn.jpg\" \/>\n\t<meta property=\"og:image:width\" content=\"700\" \/>\n\t<meta property=\"og:image:height\" content=\"500\" \/>\n\t<meta property=\"og:image:type\" content=\"image\/jpeg\" \/>\n<meta name=\"author\" content=\"Redac\" \/>\n<meta name=\"twitter:card\" content=\"summary_large_image\" \/>\n<meta name=\"twitter:label1\" content=\"\u00c9crit par\" \/>\n\t<meta name=\"twitter:data1\" content=\"Redac\" \/>\n\t<meta name=\"twitter:label2\" content=\"Dur\u00e9e de lecture estim\u00e9e\" \/>\n\t<meta name=\"twitter:data2\" content=\"2 minutes\" \/>\n<script type=\"application\/ld+json\" class=\"yoast-schema-graph\">{\"@context\":\"https:\/\/schema.org\",\"@graph\":[{\"@type\":\"WebPage\",\"@id\":\"https:\/\/algerieintelligence.com\/index.php\/2020\/11\/25\/lalgerie-entouree-par-la-guerre\/\",\"url\":\"https:\/\/algerieintelligence.com\/index.php\/2020\/11\/25\/lalgerie-entouree-par-la-guerre\/\",\"name\":\"L'Alg\u00e9rie entour\u00e9e par la guerre - Alg\u00e9rie Intelligence\",\"isPartOf\":{\"@id\":\"https:\/\/algerieintelligence.com\/#website\"},\"primaryImageOfPage\":{\"@id\":\"https:\/\/algerieintelligence.com\/index.php\/2020\/11\/25\/lalgerie-entouree-par-la-guerre\/#primaryimage\"},\"image\":{\"@id\":\"https:\/\/algerieintelligence.com\/index.php\/2020\/11\/25\/lalgerie-entouree-par-la-guerre\/#primaryimage\"},\"thumbnailUrl\":\"https:\/\/algerieintelligence.com\/wp-content\/uploads\/2020\/11\/combat-anp-mdn.jpg\",\"datePublished\":\"2020-11-25T05:33:39+00:00\",\"dateModified\":\"2020-11-26T22:23:28+00:00\",\"author\":{\"@id\":\"https:\/\/algerieintelligence.com\/#\/schema\/person\/c648b09662082cf8039362aa83d977b5\"},\"breadcrumb\":{\"@id\":\"https:\/\/algerieintelligence.com\/index.php\/2020\/11\/25\/lalgerie-entouree-par-la-guerre\/#breadcrumb\"},\"inLanguage\":\"fr-FR\",\"potentialAction\":[{\"@type\":\"ReadAction\",\"target\":[\"https:\/\/algerieintelligence.com\/index.php\/2020\/11\/25\/lalgerie-entouree-par-la-guerre\/\"]}]},{\"@type\":\"ImageObject\",\"inLanguage\":\"fr-FR\",\"@id\":\"https:\/\/algerieintelligence.com\/index.php\/2020\/11\/25\/lalgerie-entouree-par-la-guerre\/#primaryimage\",\"url\":\"https:\/\/algerieintelligence.com\/wp-content\/uploads\/2020\/11\/combat-anp-mdn.jpg\",\"contentUrl\":\"https:\/\/algerieintelligence.com\/wp-content\/uploads\/2020\/11\/combat-anp-mdn.jpg\",\"width\":700,\"height\":500},{\"@type\":\"BreadcrumbList\",\"@id\":\"https:\/\/algerieintelligence.com\/index.php\/2020\/11\/25\/lalgerie-entouree-par-la-guerre\/#breadcrumb\",\"itemListElement\":[{\"@type\":\"ListItem\",\"position\":1,\"name\":\"Accueil\",\"item\":\"https:\/\/algerieintelligence.com\/\"},{\"@type\":\"ListItem\",\"position\":2,\"name\":\"L&rsquo;Alg\u00e9rie entour\u00e9e par la guerre\"}]},{\"@type\":\"WebSite\",\"@id\":\"https:\/\/algerieintelligence.com\/#website\",\"url\":\"https:\/\/algerieintelligence.com\/\",\"name\":\"Alg\u00e9rie Intelligence\",\"description\":\"\",\"potentialAction\":[{\"@type\":\"SearchAction\",\"target\":{\"@type\":\"EntryPoint\",\"urlTemplate\":\"https:\/\/algerieintelligence.com\/?s={search_term_string}\"},\"query-input\":{\"@type\":\"PropertyValueSpecification\",\"valueRequired\":true,\"valueName\":\"search_term_string\"}}],\"inLanguage\":\"fr-FR\"},{\"@type\":\"Person\",\"@id\":\"https:\/\/algerieintelligence.com\/#\/schema\/person\/c648b09662082cf8039362aa83d977b5\",\"name\":\"Redac\",\"image\":{\"@type\":\"ImageObject\",\"inLanguage\":\"fr-FR\",\"@id\":\"https:\/\/algerieintelligence.com\/#\/schema\/person\/image\/\",\"url\":\"https:\/\/secure.gravatar.com\/avatar\/3e3f5b8d3962700be4db1c1605b3dd39f46197dd59d1ddf1f24234efad67103b?s=96&d=mm&r=g\",\"contentUrl\":\"https:\/\/secure.gravatar.com\/avatar\/3e3f5b8d3962700be4db1c1605b3dd39f46197dd59d1ddf1f24234efad67103b?s=96&d=mm&r=g\",\"caption\":\"Redac\"},\"sameAs\":[\"http:\/\/algerieintelligence.com\"]}]}<\/script>\n<!-- \/ Yoast SEO plugin. -->","yoast_head_json":{"title":"L'Alg\u00e9rie entour\u00e9e par la guerre - Alg\u00e9rie Intelligence","robots":{"index":"index","follow":"follow","max-snippet":"max-snippet:-1","max-image-preview":"max-image-preview:large","max-video-preview":"max-video-preview:-1"},"canonical":"https:\/\/algerieintelligence.com\/index.php\/2020\/11\/25\/lalgerie-entouree-par-la-guerre\/","og_locale":"fr_FR","og_type":"article","og_title":"L'Alg\u00e9rie entour\u00e9e par la guerre - Alg\u00e9rie Intelligence","og_description":"L&rsquo;Alg\u00e9rie entour\u00e9e par la guerre 2020 n&rsquo;a pas \u00e9t\u00e9 une bonne ann\u00e9e pour la paix dans le monde, c&rsquo;est en tout cas ce qui ressort des nombreux conflits arm\u00e9s et moins arm\u00e9s qui ont marqu\u00e9 une ann\u00e9e qui aura \u00e9t\u00e9 pleine. Dans le plus grand pays d&rsquo;Afrique, la soci\u00e9t\u00e9 qui apprend \u00e0 vivre dans l&rsquo;Alg\u00e9rie [&hellip;]","og_url":"https:\/\/algerieintelligence.com\/index.php\/2020\/11\/25\/lalgerie-entouree-par-la-guerre\/","og_site_name":"Alg\u00e9rie Intelligence","article_published_time":"2020-11-25T05:33:39+00:00","article_modified_time":"2020-11-26T22:23:28+00:00","og_image":[{"width":700,"height":500,"url":"https:\/\/algerieintelligence.com\/wp-content\/uploads\/2020\/11\/combat-anp-mdn.jpg","type":"image\/jpeg"}],"author":"Redac","twitter_card":"summary_large_image","twitter_misc":{"\u00c9crit par":"Redac","Dur\u00e9e de lecture estim\u00e9e":"2 minutes"},"schema":{"@context":"https:\/\/schema.org","@graph":[{"@type":"WebPage","@id":"https:\/\/algerieintelligence.com\/index.php\/2020\/11\/25\/lalgerie-entouree-par-la-guerre\/","url":"https:\/\/algerieintelligence.com\/index.php\/2020\/11\/25\/lalgerie-entouree-par-la-guerre\/","name":"L'Alg\u00e9rie entour\u00e9e par la guerre - Alg\u00e9rie Intelligence","isPartOf":{"@id":"https:\/\/algerieintelligence.com\/#website"},"primaryImageOfPage":{"@id":"https:\/\/algerieintelligence.com\/index.php\/2020\/11\/25\/lalgerie-entouree-par-la-guerre\/#primaryimage"},"image":{"@id":"https:\/\/algerieintelligence.com\/index.php\/2020\/11\/25\/lalgerie-entouree-par-la-guerre\/#primaryimage"},"thumbnailUrl":"https:\/\/algerieintelligence.com\/wp-content\/uploads\/2020\/11\/combat-anp-mdn.jpg","datePublished":"2020-11-25T05:33:39+00:00","dateModified":"2020-11-26T22:23:28+00:00","author":{"@id":"https:\/\/algerieintelligence.com\/#\/schema\/person\/c648b09662082cf8039362aa83d977b5"},"breadcrumb":{"@id":"https:\/\/algerieintelligence.com\/index.php\/2020\/11\/25\/lalgerie-entouree-par-la-guerre\/#breadcrumb"},"inLanguage":"fr-FR","potentialAction":[{"@type":"ReadAction","target":["https:\/\/algerieintelligence.com\/index.php\/2020\/11\/25\/lalgerie-entouree-par-la-guerre\/"]}]},{"@type":"ImageObject","inLanguage":"fr-FR","@id":"https:\/\/algerieintelligence.com\/index.php\/2020\/11\/25\/lalgerie-entouree-par-la-guerre\/#primaryimage","url":"https:\/\/algerieintelligence.com\/wp-content\/uploads\/2020\/11\/combat-anp-mdn.jpg","contentUrl":"https:\/\/algerieintelligence.com\/wp-content\/uploads\/2020\/11\/combat-anp-mdn.jpg","width":700,"height":500},{"@type":"BreadcrumbList","@id":"https:\/\/algerieintelligence.com\/index.php\/2020\/11\/25\/lalgerie-entouree-par-la-guerre\/#breadcrumb","itemListElement":[{"@type":"ListItem","position":1,"name":"Accueil","item":"https:\/\/algerieintelligence.com\/"},{"@type":"ListItem","position":2,"name":"L&rsquo;Alg\u00e9rie entour\u00e9e par la guerre"}]},{"@type":"WebSite","@id":"https:\/\/algerieintelligence.com\/#website","url":"https:\/\/algerieintelligence.com\/","name":"Alg\u00e9rie Intelligence","description":"","potentialAction":[{"@type":"SearchAction","target":{"@type":"EntryPoint","urlTemplate":"https:\/\/algerieintelligence.com\/?s={search_term_string}"},"query-input":{"@type":"PropertyValueSpecification","valueRequired":true,"valueName":"search_term_string"}}],"inLanguage":"fr-FR"},{"@type":"Person","@id":"https:\/\/algerieintelligence.com\/#\/schema\/person\/c648b09662082cf8039362aa83d977b5","name":"Redac","image":{"@type":"ImageObject","inLanguage":"fr-FR","@id":"https:\/\/algerieintelligence.com\/#\/schema\/person\/image\/","url":"https:\/\/secure.gravatar.com\/avatar\/3e3f5b8d3962700be4db1c1605b3dd39f46197dd59d1ddf1f24234efad67103b?s=96&d=mm&r=g","contentUrl":"https:\/\/secure.gravatar.com\/avatar\/3e3f5b8d3962700be4db1c1605b3dd39f46197dd59d1ddf1f24234efad67103b?s=96&d=mm&r=g","caption":"Redac"},"sameAs":["http:\/\/algerieintelligence.com"]}]}},"_links":{"self":[{"href":"https:\/\/algerieintelligence.com\/index.php\/wp-json\/wp\/v2\/posts\/87","targetHints":{"allow":["GET"]}}],"collection":[{"href":"https:\/\/algerieintelligence.com\/index.php\/wp-json\/wp\/v2\/posts"}],"about":[{"href":"https:\/\/algerieintelligence.com\/index.php\/wp-json\/wp\/v2\/types\/post"}],"author":[{"embeddable":true,"href":"https:\/\/algerieintelligence.com\/index.php\/wp-json\/wp\/v2\/users\/2"}],"replies":[{"embeddable":true,"href":"https:\/\/algerieintelligence.com\/index.php\/wp-json\/wp\/v2\/comments?post=87"}],"version-history":[{"count":7,"href":"https:\/\/algerieintelligence.com\/index.php\/wp-json\/wp\/v2\/posts\/87\/revisions"}],"predecessor-version":[{"id":122,"href":"https:\/\/algerieintelligence.com\/index.php\/wp-json\/wp\/v2\/posts\/87\/revisions\/122"}],"wp:featuredmedia":[{"embeddable":true,"href":"https:\/\/algerieintelligence.com\/index.php\/wp-json\/wp\/v2\/media\/89"}],"wp:attachment":[{"href":"https:\/\/algerieintelligence.com\/index.php\/wp-json\/wp\/v2\/media?parent=87"}],"wp:term":[{"taxonomy":"category","embeddable":true,"href":"https:\/\/algerieintelligence.com\/index.php\/wp-json\/wp\/v2\/categories?post=87"},{"taxonomy":"post_tag","embeddable":true,"href":"https:\/\/algerieintelligence.com\/index.php\/wp-json\/wp\/v2\/tags?post=87"}],"curies":[{"name":"wp","href":"https:\/\/api.w.org\/{rel}","templated":true}]}}