{"id":704,"date":"2021-10-24T20:36:21","date_gmt":"2021-10-24T19:36:21","guid":{"rendered":"https:\/\/algerieintelligence.com\/?p=704"},"modified":"2021-10-26T15:26:48","modified_gmt":"2021-10-26T14:26:48","slug":"lalgerie-est-elle-ciblee-par-une-guerre-de-quatrieme-generation","status":"publish","type":"post","link":"https:\/\/algerieintelligence.com\/index.php\/2021\/10\/24\/lalgerie-est-elle-ciblee-par-une-guerre-de-quatrieme-generation\/","title":{"rendered":"L&rsquo;Alg\u00e9rie est-elle cibl\u00e9e par une \u00ab\u00a0Guerre de quatri\u00e8me g\u00e9n\u00e9ration\u00a0\u00bb?"},"content":{"rendered":"\n<h2 class=\"wp-block-heading\" style=\"font-size:38px;line-height:1.4\"><strong><span style=\"color:#af2727\" class=\"has-inline-color\">L&rsquo;Alg\u00e9rie est-elle cibl\u00e9e par une \u00ab\u00a0Guerre de quatri\u00e8me g\u00e9n\u00e9ration\u00a0\u00bb?<\/span><\/strong><\/h2>\n\n\n\n<div class=\"wp-block-columns is-layout-flex wp-container-core-columns-is-layout-9d6595d7 wp-block-columns-is-layout-flex\">\n<div class=\"wp-block-column is-layout-flow wp-block-column-is-layout-flow\">\n<p style=\"font-size:18px\">Le discours officiel alg\u00e9rien de ces deux derni\u00e8res ann\u00e9es est un discours que l&rsquo;on peut qualifier de \u00ab\u00a0guerrier\u00a0\u00bb \u00e9tant donn\u00e9 les tr\u00e8s nombreuses r\u00e9f\u00e9rences \u00e0 des \u00ab\u00a0ennemis\u00a0\u00bb de l&rsquo;Alg\u00e9rie et \u00e0 la n\u00e9cessit\u00e9 de rester vigilants face aux man\u0153uvres qui viseraient la s\u00e9curit\u00e9 du pays. Au mois d&rsquo;ao\u00fbt, le peuple alg\u00e9rien a d\u00e9couvert avec \u00e9ffarement l&rsquo;assassinat d&rsquo;un jeune militant dans un contexte d&rsquo;incendies de for\u00eats que l&rsquo;\u00c9tat a attribu\u00e9 \u00e0 l&rsquo;organisation d\u00e9sormais terroriste du MAK. Selon le discours officiel, c&rsquo;est cette organisation qui est derri\u00e8re toutes les horreurs qu&rsquo;\u00e0 connues la r\u00e9gion de Tizi-ouzou et elle aurait \u00e9t\u00e9 appuy\u00e9e par des \u00c9tats \u00e9trangers, le Maroc ayant \u00e9t\u00e9 clairement d\u00e9sign\u00e9. <\/p>\n\n\n\n<p><\/p>\n<\/div>\n\n\n\n<div class=\"wp-block-column is-layout-flow wp-block-column-is-layout-flow\">\n<p style=\"font-size:18px\">Hier, le Pr\u00e9sident de la R\u00e9publique a d&rsquo;ailleurs appel\u00e9 le peuple alg\u00e9rien et les m\u00e9dias nationaux \u00e0 prendre conscience de la \u00ab\u00a0Guerre de quatri\u00e8me g\u00e9n\u00e9ration\u00a0\u00bb qui vise l&rsquo;Alg\u00e9rie. Alors, existe-t-il r\u00e9ellement un plan malveillant qui vise la s\u00e9curit\u00e9 de l&rsquo;Alg\u00e9rie et qu&rsquo;est-ce la \u00ab\u00a0Guerre de quatri\u00e8me g\u00e9n\u00e9ration\u00a0\u00bb? Ce concept, th\u00e9oris\u00e9 par des am\u00e9ricains dans les ann\u00e9es 80&prime;, fait r\u00e9f\u00e9rence \u00e0 une guerre multidimensionnelle o\u00f9 seraient entre autres utilis\u00e9s des moyens de nuisance tels que la propagande m\u00e9diatique ou encore des groupes terroristes ou s\u00e9paratistes. \u00c0 la lumi\u00e8re de cette br\u00e8ve d\u00e9finition, l&rsquo;Alg\u00e9rie serait en effet cibl\u00e9e par des man\u0153uvres venant notamment du voisin marocain qui finance des sites Internet ouvertement antialg\u00e9riens ou qui soutient officiellement l&rsquo;ind\u00e9pendance de la Kabylie. Par ailleurs, un plan visant l&rsquo;encerclement de l&rsquo;Alg\u00e9rie est clairement visible \u00e0 travers la destruction de l&rsquo;\u00c9tat libyen et l&rsquo;armement de milices qui activent dans la r\u00e9gion du Sahel. D\u00e8s lors, il serait facile de comprendre que le positionnement strat\u00e9gique de l&rsquo;Alg\u00e9rie g\u00e8ne plusieurs int\u00e9r\u00eats parce-que anti-isra\u00e9lien, proche de la Russie, de la Chine et anticolonialiste. <\/p>\n<\/div>\n<\/div>\n\n\n\n<p><\/p>\n","protected":false},"excerpt":{"rendered":"<p>L&rsquo;Alg\u00e9rie est-elle cibl\u00e9e par une \u00ab\u00a0Guerre de quatri\u00e8me g\u00e9n\u00e9ration\u00a0\u00bb? Le discours officiel alg\u00e9rien de ces deux derni\u00e8res ann\u00e9es est un discours que l&rsquo;on peut qualifier de \u00ab\u00a0guerrier\u00a0\u00bb \u00e9tant donn\u00e9 les tr\u00e8s nombreuses r\u00e9f\u00e9rences \u00e0 des \u00ab\u00a0ennemis\u00a0\u00bb de l&rsquo;Alg\u00e9rie et \u00e0 la n\u00e9cessit\u00e9 de rester vigilants face aux man\u0153uvres qui viseraient la s\u00e9curit\u00e9 du pays. Au [&hellip;]<\/p>\n","protected":false},"author":2,"featured_media":722,"comment_status":"open","ping_status":"open","sticky":false,"template":"","format":"standard","meta":{"footnotes":""},"categories":[5,8],"tags":[],"class_list":["post-704","post","type-post","status-publish","format-standard","has-post-thumbnail","hentry","category-analyse-et-info","category-international"],"yoast_head":"<!-- This site is optimized with the Yoast SEO plugin v26.0 - https:\/\/yoast.com\/wordpress\/plugins\/seo\/ -->\n<title>L&#039;Alg\u00e9rie est-elle cibl\u00e9e par une &quot;Guerre de quatri\u00e8me g\u00e9n\u00e9ration&quot;? - Alg\u00e9rie Intelligence<\/title>\n<meta name=\"robots\" content=\"index, follow, max-snippet:-1, max-image-preview:large, max-video-preview:-1\" \/>\n<link rel=\"canonical\" href=\"https:\/\/algerieintelligence.com\/index.php\/2021\/10\/24\/lalgerie-est-elle-ciblee-par-une-guerre-de-quatrieme-generation\/\" \/>\n<meta property=\"og:locale\" content=\"fr_FR\" \/>\n<meta property=\"og:type\" content=\"article\" \/>\n<meta property=\"og:title\" content=\"L&#039;Alg\u00e9rie est-elle cibl\u00e9e par une &quot;Guerre de quatri\u00e8me g\u00e9n\u00e9ration&quot;? - Alg\u00e9rie Intelligence\" \/>\n<meta property=\"og:description\" content=\"L&rsquo;Alg\u00e9rie est-elle cibl\u00e9e par une \u00ab\u00a0Guerre de quatri\u00e8me g\u00e9n\u00e9ration\u00a0\u00bb? Le discours officiel alg\u00e9rien de ces deux derni\u00e8res ann\u00e9es est un discours que l&rsquo;on peut qualifier de \u00ab\u00a0guerrier\u00a0\u00bb \u00e9tant donn\u00e9 les tr\u00e8s nombreuses r\u00e9f\u00e9rences \u00e0 des \u00ab\u00a0ennemis\u00a0\u00bb de l&rsquo;Alg\u00e9rie et \u00e0 la n\u00e9cessit\u00e9 de rester vigilants face aux man\u0153uvres qui viseraient la s\u00e9curit\u00e9 du pays. Au [&hellip;]\" \/>\n<meta property=\"og:url\" content=\"https:\/\/algerieintelligence.com\/index.php\/2021\/10\/24\/lalgerie-est-elle-ciblee-par-une-guerre-de-quatrieme-generation\/\" \/>\n<meta property=\"og:site_name\" content=\"Alg\u00e9rie Intelligence\" \/>\n<meta property=\"article:published_time\" content=\"2021-10-24T19:36:21+00:00\" \/>\n<meta property=\"article:modified_time\" content=\"2021-10-26T14:26:48+00:00\" \/>\n<meta property=\"og:image\" content=\"https:\/\/algerieintelligence.com\/wp-content\/uploads\/2021\/10\/lemonde_desktop_gris.jpg\" \/>\n\t<meta property=\"og:image:width\" content=\"1080\" \/>\n\t<meta property=\"og:image:height\" content=\"500\" \/>\n\t<meta property=\"og:image:type\" content=\"image\/jpeg\" \/>\n<meta name=\"author\" content=\"Redac\" \/>\n<meta name=\"twitter:card\" content=\"summary_large_image\" \/>\n<meta name=\"twitter:label1\" content=\"\u00c9crit par\" \/>\n\t<meta name=\"twitter:data1\" content=\"Redac\" \/>\n\t<meta name=\"twitter:label2\" content=\"Dur\u00e9e de lecture estim\u00e9e\" \/>\n\t<meta name=\"twitter:data2\" content=\"2 minutes\" \/>\n<script type=\"application\/ld+json\" class=\"yoast-schema-graph\">{\"@context\":\"https:\/\/schema.org\",\"@graph\":[{\"@type\":\"WebPage\",\"@id\":\"https:\/\/algerieintelligence.com\/index.php\/2021\/10\/24\/lalgerie-est-elle-ciblee-par-une-guerre-de-quatrieme-generation\/\",\"url\":\"https:\/\/algerieintelligence.com\/index.php\/2021\/10\/24\/lalgerie-est-elle-ciblee-par-une-guerre-de-quatrieme-generation\/\",\"name\":\"L'Alg\u00e9rie est-elle cibl\u00e9e par une \\\"Guerre de quatri\u00e8me g\u00e9n\u00e9ration\\\"? - Alg\u00e9rie Intelligence\",\"isPartOf\":{\"@id\":\"https:\/\/algerieintelligence.com\/#website\"},\"primaryImageOfPage\":{\"@id\":\"https:\/\/algerieintelligence.com\/index.php\/2021\/10\/24\/lalgerie-est-elle-ciblee-par-une-guerre-de-quatrieme-generation\/#primaryimage\"},\"image\":{\"@id\":\"https:\/\/algerieintelligence.com\/index.php\/2021\/10\/24\/lalgerie-est-elle-ciblee-par-une-guerre-de-quatrieme-generation\/#primaryimage\"},\"thumbnailUrl\":\"https:\/\/algerieintelligence.com\/wp-content\/uploads\/2021\/10\/lemonde_desktop_gris.jpg\",\"datePublished\":\"2021-10-24T19:36:21+00:00\",\"dateModified\":\"2021-10-26T14:26:48+00:00\",\"author\":{\"@id\":\"https:\/\/algerieintelligence.com\/#\/schema\/person\/c648b09662082cf8039362aa83d977b5\"},\"breadcrumb\":{\"@id\":\"https:\/\/algerieintelligence.com\/index.php\/2021\/10\/24\/lalgerie-est-elle-ciblee-par-une-guerre-de-quatrieme-generation\/#breadcrumb\"},\"inLanguage\":\"fr-FR\",\"potentialAction\":[{\"@type\":\"ReadAction\",\"target\":[\"https:\/\/algerieintelligence.com\/index.php\/2021\/10\/24\/lalgerie-est-elle-ciblee-par-une-guerre-de-quatrieme-generation\/\"]}]},{\"@type\":\"ImageObject\",\"inLanguage\":\"fr-FR\",\"@id\":\"https:\/\/algerieintelligence.com\/index.php\/2021\/10\/24\/lalgerie-est-elle-ciblee-par-une-guerre-de-quatrieme-generation\/#primaryimage\",\"url\":\"https:\/\/algerieintelligence.com\/wp-content\/uploads\/2021\/10\/lemonde_desktop_gris.jpg\",\"contentUrl\":\"https:\/\/algerieintelligence.com\/wp-content\/uploads\/2021\/10\/lemonde_desktop_gris.jpg\",\"width\":1080,\"height\":500},{\"@type\":\"BreadcrumbList\",\"@id\":\"https:\/\/algerieintelligence.com\/index.php\/2021\/10\/24\/lalgerie-est-elle-ciblee-par-une-guerre-de-quatrieme-generation\/#breadcrumb\",\"itemListElement\":[{\"@type\":\"ListItem\",\"position\":1,\"name\":\"Accueil\",\"item\":\"https:\/\/algerieintelligence.com\/\"},{\"@type\":\"ListItem\",\"position\":2,\"name\":\"L&rsquo;Alg\u00e9rie est-elle cibl\u00e9e par une \u00ab\u00a0Guerre de quatri\u00e8me g\u00e9n\u00e9ration\u00a0\u00bb?\"}]},{\"@type\":\"WebSite\",\"@id\":\"https:\/\/algerieintelligence.com\/#website\",\"url\":\"https:\/\/algerieintelligence.com\/\",\"name\":\"Alg\u00e9rie Intelligence\",\"description\":\"\",\"potentialAction\":[{\"@type\":\"SearchAction\",\"target\":{\"@type\":\"EntryPoint\",\"urlTemplate\":\"https:\/\/algerieintelligence.com\/?s={search_term_string}\"},\"query-input\":{\"@type\":\"PropertyValueSpecification\",\"valueRequired\":true,\"valueName\":\"search_term_string\"}}],\"inLanguage\":\"fr-FR\"},{\"@type\":\"Person\",\"@id\":\"https:\/\/algerieintelligence.com\/#\/schema\/person\/c648b09662082cf8039362aa83d977b5\",\"name\":\"Redac\",\"image\":{\"@type\":\"ImageObject\",\"inLanguage\":\"fr-FR\",\"@id\":\"https:\/\/algerieintelligence.com\/#\/schema\/person\/image\/\",\"url\":\"https:\/\/secure.gravatar.com\/avatar\/3e3f5b8d3962700be4db1c1605b3dd39f46197dd59d1ddf1f24234efad67103b?s=96&d=mm&r=g\",\"contentUrl\":\"https:\/\/secure.gravatar.com\/avatar\/3e3f5b8d3962700be4db1c1605b3dd39f46197dd59d1ddf1f24234efad67103b?s=96&d=mm&r=g\",\"caption\":\"Redac\"},\"sameAs\":[\"http:\/\/algerieintelligence.com\"]}]}<\/script>\n<!-- \/ Yoast SEO plugin. -->","yoast_head_json":{"title":"L'Alg\u00e9rie est-elle cibl\u00e9e par une \"Guerre de quatri\u00e8me g\u00e9n\u00e9ration\"? - Alg\u00e9rie Intelligence","robots":{"index":"index","follow":"follow","max-snippet":"max-snippet:-1","max-image-preview":"max-image-preview:large","max-video-preview":"max-video-preview:-1"},"canonical":"https:\/\/algerieintelligence.com\/index.php\/2021\/10\/24\/lalgerie-est-elle-ciblee-par-une-guerre-de-quatrieme-generation\/","og_locale":"fr_FR","og_type":"article","og_title":"L'Alg\u00e9rie est-elle cibl\u00e9e par une \"Guerre de quatri\u00e8me g\u00e9n\u00e9ration\"? - Alg\u00e9rie Intelligence","og_description":"L&rsquo;Alg\u00e9rie est-elle cibl\u00e9e par une \u00ab\u00a0Guerre de quatri\u00e8me g\u00e9n\u00e9ration\u00a0\u00bb? Le discours officiel alg\u00e9rien de ces deux derni\u00e8res ann\u00e9es est un discours que l&rsquo;on peut qualifier de \u00ab\u00a0guerrier\u00a0\u00bb \u00e9tant donn\u00e9 les tr\u00e8s nombreuses r\u00e9f\u00e9rences \u00e0 des \u00ab\u00a0ennemis\u00a0\u00bb de l&rsquo;Alg\u00e9rie et \u00e0 la n\u00e9cessit\u00e9 de rester vigilants face aux man\u0153uvres qui viseraient la s\u00e9curit\u00e9 du pays. Au [&hellip;]","og_url":"https:\/\/algerieintelligence.com\/index.php\/2021\/10\/24\/lalgerie-est-elle-ciblee-par-une-guerre-de-quatrieme-generation\/","og_site_name":"Alg\u00e9rie Intelligence","article_published_time":"2021-10-24T19:36:21+00:00","article_modified_time":"2021-10-26T14:26:48+00:00","og_image":[{"width":1080,"height":500,"url":"https:\/\/algerieintelligence.com\/wp-content\/uploads\/2021\/10\/lemonde_desktop_gris.jpg","type":"image\/jpeg"}],"author":"Redac","twitter_card":"summary_large_image","twitter_misc":{"\u00c9crit par":"Redac","Dur\u00e9e de lecture estim\u00e9e":"2 minutes"},"schema":{"@context":"https:\/\/schema.org","@graph":[{"@type":"WebPage","@id":"https:\/\/algerieintelligence.com\/index.php\/2021\/10\/24\/lalgerie-est-elle-ciblee-par-une-guerre-de-quatrieme-generation\/","url":"https:\/\/algerieintelligence.com\/index.php\/2021\/10\/24\/lalgerie-est-elle-ciblee-par-une-guerre-de-quatrieme-generation\/","name":"L'Alg\u00e9rie est-elle cibl\u00e9e par une \"Guerre de quatri\u00e8me g\u00e9n\u00e9ration\"? - Alg\u00e9rie Intelligence","isPartOf":{"@id":"https:\/\/algerieintelligence.com\/#website"},"primaryImageOfPage":{"@id":"https:\/\/algerieintelligence.com\/index.php\/2021\/10\/24\/lalgerie-est-elle-ciblee-par-une-guerre-de-quatrieme-generation\/#primaryimage"},"image":{"@id":"https:\/\/algerieintelligence.com\/index.php\/2021\/10\/24\/lalgerie-est-elle-ciblee-par-une-guerre-de-quatrieme-generation\/#primaryimage"},"thumbnailUrl":"https:\/\/algerieintelligence.com\/wp-content\/uploads\/2021\/10\/lemonde_desktop_gris.jpg","datePublished":"2021-10-24T19:36:21+00:00","dateModified":"2021-10-26T14:26:48+00:00","author":{"@id":"https:\/\/algerieintelligence.com\/#\/schema\/person\/c648b09662082cf8039362aa83d977b5"},"breadcrumb":{"@id":"https:\/\/algerieintelligence.com\/index.php\/2021\/10\/24\/lalgerie-est-elle-ciblee-par-une-guerre-de-quatrieme-generation\/#breadcrumb"},"inLanguage":"fr-FR","potentialAction":[{"@type":"ReadAction","target":["https:\/\/algerieintelligence.com\/index.php\/2021\/10\/24\/lalgerie-est-elle-ciblee-par-une-guerre-de-quatrieme-generation\/"]}]},{"@type":"ImageObject","inLanguage":"fr-FR","@id":"https:\/\/algerieintelligence.com\/index.php\/2021\/10\/24\/lalgerie-est-elle-ciblee-par-une-guerre-de-quatrieme-generation\/#primaryimage","url":"https:\/\/algerieintelligence.com\/wp-content\/uploads\/2021\/10\/lemonde_desktop_gris.jpg","contentUrl":"https:\/\/algerieintelligence.com\/wp-content\/uploads\/2021\/10\/lemonde_desktop_gris.jpg","width":1080,"height":500},{"@type":"BreadcrumbList","@id":"https:\/\/algerieintelligence.com\/index.php\/2021\/10\/24\/lalgerie-est-elle-ciblee-par-une-guerre-de-quatrieme-generation\/#breadcrumb","itemListElement":[{"@type":"ListItem","position":1,"name":"Accueil","item":"https:\/\/algerieintelligence.com\/"},{"@type":"ListItem","position":2,"name":"L&rsquo;Alg\u00e9rie est-elle cibl\u00e9e par une \u00ab\u00a0Guerre de quatri\u00e8me g\u00e9n\u00e9ration\u00a0\u00bb?"}]},{"@type":"WebSite","@id":"https:\/\/algerieintelligence.com\/#website","url":"https:\/\/algerieintelligence.com\/","name":"Alg\u00e9rie Intelligence","description":"","potentialAction":[{"@type":"SearchAction","target":{"@type":"EntryPoint","urlTemplate":"https:\/\/algerieintelligence.com\/?s={search_term_string}"},"query-input":{"@type":"PropertyValueSpecification","valueRequired":true,"valueName":"search_term_string"}}],"inLanguage":"fr-FR"},{"@type":"Person","@id":"https:\/\/algerieintelligence.com\/#\/schema\/person\/c648b09662082cf8039362aa83d977b5","name":"Redac","image":{"@type":"ImageObject","inLanguage":"fr-FR","@id":"https:\/\/algerieintelligence.com\/#\/schema\/person\/image\/","url":"https:\/\/secure.gravatar.com\/avatar\/3e3f5b8d3962700be4db1c1605b3dd39f46197dd59d1ddf1f24234efad67103b?s=96&d=mm&r=g","contentUrl":"https:\/\/secure.gravatar.com\/avatar\/3e3f5b8d3962700be4db1c1605b3dd39f46197dd59d1ddf1f24234efad67103b?s=96&d=mm&r=g","caption":"Redac"},"sameAs":["http:\/\/algerieintelligence.com"]}]}},"_links":{"self":[{"href":"https:\/\/algerieintelligence.com\/index.php\/wp-json\/wp\/v2\/posts\/704","targetHints":{"allow":["GET"]}}],"collection":[{"href":"https:\/\/algerieintelligence.com\/index.php\/wp-json\/wp\/v2\/posts"}],"about":[{"href":"https:\/\/algerieintelligence.com\/index.php\/wp-json\/wp\/v2\/types\/post"}],"author":[{"embeddable":true,"href":"https:\/\/algerieintelligence.com\/index.php\/wp-json\/wp\/v2\/users\/2"}],"replies":[{"embeddable":true,"href":"https:\/\/algerieintelligence.com\/index.php\/wp-json\/wp\/v2\/comments?post=704"}],"version-history":[{"count":18,"href":"https:\/\/algerieintelligence.com\/index.php\/wp-json\/wp\/v2\/posts\/704\/revisions"}],"predecessor-version":[{"id":726,"href":"https:\/\/algerieintelligence.com\/index.php\/wp-json\/wp\/v2\/posts\/704\/revisions\/726"}],"wp:featuredmedia":[{"embeddable":true,"href":"https:\/\/algerieintelligence.com\/index.php\/wp-json\/wp\/v2\/media\/722"}],"wp:attachment":[{"href":"https:\/\/algerieintelligence.com\/index.php\/wp-json\/wp\/v2\/media?parent=704"}],"wp:term":[{"taxonomy":"category","embeddable":true,"href":"https:\/\/algerieintelligence.com\/index.php\/wp-json\/wp\/v2\/categories?post=704"},{"taxonomy":"post_tag","embeddable":true,"href":"https:\/\/algerieintelligence.com\/index.php\/wp-json\/wp\/v2\/tags?post=704"}],"curies":[{"name":"wp","href":"https:\/\/api.w.org\/{rel}","templated":true}]}}