{"id":611,"date":"2021-08-28T16:34:46","date_gmt":"2021-08-28T15:34:46","guid":{"rendered":"https:\/\/algerieintelligence.com\/?p=611"},"modified":"2021-10-01T22:39:43","modified_gmt":"2021-10-01T21:39:43","slug":"israel-cible-officiellement-lalgerie-comme-menace-prioritaire","status":"publish","type":"post","link":"https:\/\/algerieintelligence.com\/index.php\/2021\/08\/28\/israel-cible-officiellement-lalgerie-comme-menace-prioritaire\/","title":{"rendered":"Isra\u00ebl cible officiellement l&rsquo;Alg\u00e9rie comme menace prioritaire!"},"content":{"rendered":"\n<h2 class=\"wp-block-heading\" style=\"font-size:38px;line-height:1.4\"><span style=\"color:#b32626\" class=\"has-inline-color\"><strong>Isra\u00ebl cible officiellement l&rsquo;Alg\u00e9rie comme menace prioritaire<\/strong>!<\/span><\/h2>\n\n\n\n<div class=\"wp-block-columns is-layout-flex wp-container-core-columns-is-layout-9d6595d7 wp-block-columns-is-layout-flex\">\n<div class=\"wp-block-column is-layout-flow wp-block-column-is-layout-flow\">\n<p style=\"font-size:18px\">Les \u00e9v\u00e9nements s&rsquo;acc\u00e9l\u00e9rent en cet \u00e9t\u00e9 caniculaire o\u00f9 l&rsquo;\u00c9tat alg\u00e9rien doit faire face \u00e0 des d\u00e9fis complexes et nombreux. L&rsquo;Alg\u00e9rie est en effet d\u00e9j\u00e0 confront\u00e9e \u00e0 une crise sanitaire \u00e9touffante qui a mis aux devants de la sc\u00e8ne l&rsquo;\u00e9chec lamentable de la politique alg\u00e9rienne de la sant\u00e9 men\u00e9e ces 20 derni\u00e8res ann\u00e9es, avec des h\u00f4pitaux v\u00e9tustes et gangren\u00e9s par la corruption et la mauvaise gestion. Comme si cela ne suffisait pas, des feux de for\u00eats d&rsquo;une ampleur jamais observ\u00e9e auparavant dans le pays sont venus mettre \u00e0 nu la n\u00e9gligence et le manque d&rsquo;anticipation de l&rsquo;\u00c9tat alg\u00e9rien qui a \u00e9chou\u00e9 \u00e0 mesurer le danger auquel \u00e9taient expos\u00e9s nos for\u00eats mais aussi la population alors que les \u00e9t\u00e9s se font de plus en plus chauds dans un pays qualifi\u00e9 comme semi-aride.<\/p>\n<\/div>\n\n\n\n<div class=\"wp-block-column is-layout-flow wp-block-column-is-layout-flow\">\n<p style=\"font-size:18px\">\u00c9videmment, la fragilit\u00e9 de l&rsquo;\u00c9tat alg\u00e9rien face \u00e0 ces \u00e9v\u00e8nements a tr\u00e8s vite fait r\u00e9agir les charognards qui ont senti le d\u00e9but de d\u00e9composition d&rsquo;un syst\u00e8me qui a atteint toutes ses limites. Fid\u00e8les \u00e0 elles-m\u00eames, ces entit\u00e9s qui se nourrissent de la chair de la b\u00eate bless\u00e9e ont tr\u00e8s vite accouru autour du d\u00eener qu&rsquo;elles pensent \u00e0 leur port\u00e9e. C&rsquo;est dans ce sens que l&rsquo;\u00c9tat isra\u00e9lien a, pour la premi\u00e8re fois dans son histoire, nomm\u00e9ment d\u00e9sign\u00e9 l&rsquo;Alg\u00e9rie comme une \u00ab\u00a0menace\u00a0\u00bb au m\u00eame titre que l&rsquo;Iran. L&rsquo;Alg\u00e9rie est donc officiellement cibl\u00e9e par Isra\u00ebl comme un ennemi, composant avec l&rsquo;Iran un \u00ab\u00a0axe n\u00e9gatif\u00a0\u00bb qui freinerait l&rsquo;\u00e9panouissement d&rsquo;un \u00ab\u00a0axe positif et pragmatique\u00a0\u00bb isra\u00e9lo-marocain. Les choses ont le m\u00e9rite d&rsquo;\u00eatre claires maintenant et il reste \u00e0 voir si l&rsquo;\u00c9tat alg\u00e9rien ouvrira les portes du dialogue \u00e0 tous ses enfants afin de pouvoir faire face aux d\u00e9fis historiques qui se profilent. <\/p>\n<\/div>\n<\/div>\n\n\n\n<p>(Cr\u00e9dits photo: D.R)<\/p>\n","protected":false},"excerpt":{"rendered":"<p>Isra\u00ebl cible officiellement l&rsquo;Alg\u00e9rie comme menace prioritaire! Les \u00e9v\u00e9nements s&rsquo;acc\u00e9l\u00e9rent en cet \u00e9t\u00e9 caniculaire o\u00f9 l&rsquo;\u00c9tat alg\u00e9rien doit faire face \u00e0 des d\u00e9fis complexes et nombreux. L&rsquo;Alg\u00e9rie est en effet d\u00e9j\u00e0 confront\u00e9e \u00e0 une crise sanitaire \u00e9touffante qui a mis aux devants de la sc\u00e8ne l&rsquo;\u00e9chec lamentable de la politique alg\u00e9rienne de la sant\u00e9 men\u00e9e [&hellip;]<\/p>\n","protected":false},"author":2,"featured_media":614,"comment_status":"open","ping_status":"open","sticky":false,"template":"","format":"standard","meta":{"footnotes":""},"categories":[8],"tags":[],"class_list":["post-611","post","type-post","status-publish","format-standard","has-post-thumbnail","hentry","category-international"],"yoast_head":"<!-- This site is optimized with the Yoast SEO plugin v26.0 - https:\/\/yoast.com\/wordpress\/plugins\/seo\/ -->\n<title>Isra\u00ebl cible officiellement l&#039;Alg\u00e9rie comme menace prioritaire! - Alg\u00e9rie Intelligence<\/title>\n<meta name=\"robots\" content=\"index, follow, max-snippet:-1, max-image-preview:large, max-video-preview:-1\" \/>\n<link rel=\"canonical\" href=\"https:\/\/algerieintelligence.com\/index.php\/2021\/08\/28\/israel-cible-officiellement-lalgerie-comme-menace-prioritaire\/\" \/>\n<meta property=\"og:locale\" content=\"fr_FR\" \/>\n<meta property=\"og:type\" content=\"article\" \/>\n<meta property=\"og:title\" content=\"Isra\u00ebl cible officiellement l&#039;Alg\u00e9rie comme menace prioritaire! - Alg\u00e9rie Intelligence\" \/>\n<meta property=\"og:description\" content=\"Isra\u00ebl cible officiellement l&rsquo;Alg\u00e9rie comme menace prioritaire! Les \u00e9v\u00e9nements s&rsquo;acc\u00e9l\u00e9rent en cet \u00e9t\u00e9 caniculaire o\u00f9 l&rsquo;\u00c9tat alg\u00e9rien doit faire face \u00e0 des d\u00e9fis complexes et nombreux. L&rsquo;Alg\u00e9rie est en effet d\u00e9j\u00e0 confront\u00e9e \u00e0 une crise sanitaire \u00e9touffante qui a mis aux devants de la sc\u00e8ne l&rsquo;\u00e9chec lamentable de la politique alg\u00e9rienne de la sant\u00e9 men\u00e9e [&hellip;]\" \/>\n<meta property=\"og:url\" content=\"https:\/\/algerieintelligence.com\/index.php\/2021\/08\/28\/israel-cible-officiellement-lalgerie-comme-menace-prioritaire\/\" \/>\n<meta property=\"og:site_name\" content=\"Alg\u00e9rie Intelligence\" \/>\n<meta property=\"article:published_time\" content=\"2021-08-28T15:34:46+00:00\" \/>\n<meta property=\"article:modified_time\" content=\"2021-10-01T21:39:43+00:00\" \/>\n<meta property=\"og:image\" content=\"https:\/\/algerieintelligence.com\/wp-content\/uploads\/2021\/08\/resize.jpeg.jpg\" \/>\n\t<meta property=\"og:image:width\" content=\"924\" \/>\n\t<meta property=\"og:image:height\" content=\"616\" \/>\n\t<meta property=\"og:image:type\" content=\"image\/jpeg\" \/>\n<meta name=\"author\" content=\"Redac\" \/>\n<meta name=\"twitter:card\" content=\"summary_large_image\" \/>\n<meta name=\"twitter:label1\" content=\"\u00c9crit par\" \/>\n\t<meta name=\"twitter:data1\" content=\"Redac\" \/>\n\t<meta name=\"twitter:label2\" content=\"Dur\u00e9e de lecture estim\u00e9e\" \/>\n\t<meta name=\"twitter:data2\" content=\"2 minutes\" \/>\n<script type=\"application\/ld+json\" class=\"yoast-schema-graph\">{\"@context\":\"https:\/\/schema.org\",\"@graph\":[{\"@type\":\"WebPage\",\"@id\":\"https:\/\/algerieintelligence.com\/index.php\/2021\/08\/28\/israel-cible-officiellement-lalgerie-comme-menace-prioritaire\/\",\"url\":\"https:\/\/algerieintelligence.com\/index.php\/2021\/08\/28\/israel-cible-officiellement-lalgerie-comme-menace-prioritaire\/\",\"name\":\"Isra\u00ebl cible officiellement l'Alg\u00e9rie comme menace prioritaire! - Alg\u00e9rie Intelligence\",\"isPartOf\":{\"@id\":\"https:\/\/algerieintelligence.com\/#website\"},\"primaryImageOfPage\":{\"@id\":\"https:\/\/algerieintelligence.com\/index.php\/2021\/08\/28\/israel-cible-officiellement-lalgerie-comme-menace-prioritaire\/#primaryimage\"},\"image\":{\"@id\":\"https:\/\/algerieintelligence.com\/index.php\/2021\/08\/28\/israel-cible-officiellement-lalgerie-comme-menace-prioritaire\/#primaryimage\"},\"thumbnailUrl\":\"https:\/\/algerieintelligence.com\/wp-content\/uploads\/2021\/08\/resize.jpeg.jpg\",\"datePublished\":\"2021-08-28T15:34:46+00:00\",\"dateModified\":\"2021-10-01T21:39:43+00:00\",\"author\":{\"@id\":\"https:\/\/algerieintelligence.com\/#\/schema\/person\/c648b09662082cf8039362aa83d977b5\"},\"breadcrumb\":{\"@id\":\"https:\/\/algerieintelligence.com\/index.php\/2021\/08\/28\/israel-cible-officiellement-lalgerie-comme-menace-prioritaire\/#breadcrumb\"},\"inLanguage\":\"fr-FR\",\"potentialAction\":[{\"@type\":\"ReadAction\",\"target\":[\"https:\/\/algerieintelligence.com\/index.php\/2021\/08\/28\/israel-cible-officiellement-lalgerie-comme-menace-prioritaire\/\"]}]},{\"@type\":\"ImageObject\",\"inLanguage\":\"fr-FR\",\"@id\":\"https:\/\/algerieintelligence.com\/index.php\/2021\/08\/28\/israel-cible-officiellement-lalgerie-comme-menace-prioritaire\/#primaryimage\",\"url\":\"https:\/\/algerieintelligence.com\/wp-content\/uploads\/2021\/08\/resize.jpeg.jpg\",\"contentUrl\":\"https:\/\/algerieintelligence.com\/wp-content\/uploads\/2021\/08\/resize.jpeg.jpg\",\"width\":924,\"height\":616},{\"@type\":\"BreadcrumbList\",\"@id\":\"https:\/\/algerieintelligence.com\/index.php\/2021\/08\/28\/israel-cible-officiellement-lalgerie-comme-menace-prioritaire\/#breadcrumb\",\"itemListElement\":[{\"@type\":\"ListItem\",\"position\":1,\"name\":\"Accueil\",\"item\":\"https:\/\/algerieintelligence.com\/\"},{\"@type\":\"ListItem\",\"position\":2,\"name\":\"Isra\u00ebl cible officiellement l&rsquo;Alg\u00e9rie comme menace prioritaire!\"}]},{\"@type\":\"WebSite\",\"@id\":\"https:\/\/algerieintelligence.com\/#website\",\"url\":\"https:\/\/algerieintelligence.com\/\",\"name\":\"Alg\u00e9rie Intelligence\",\"description\":\"\",\"potentialAction\":[{\"@type\":\"SearchAction\",\"target\":{\"@type\":\"EntryPoint\",\"urlTemplate\":\"https:\/\/algerieintelligence.com\/?s={search_term_string}\"},\"query-input\":{\"@type\":\"PropertyValueSpecification\",\"valueRequired\":true,\"valueName\":\"search_term_string\"}}],\"inLanguage\":\"fr-FR\"},{\"@type\":\"Person\",\"@id\":\"https:\/\/algerieintelligence.com\/#\/schema\/person\/c648b09662082cf8039362aa83d977b5\",\"name\":\"Redac\",\"image\":{\"@type\":\"ImageObject\",\"inLanguage\":\"fr-FR\",\"@id\":\"https:\/\/algerieintelligence.com\/#\/schema\/person\/image\/\",\"url\":\"https:\/\/secure.gravatar.com\/avatar\/3e3f5b8d3962700be4db1c1605b3dd39f46197dd59d1ddf1f24234efad67103b?s=96&d=mm&r=g\",\"contentUrl\":\"https:\/\/secure.gravatar.com\/avatar\/3e3f5b8d3962700be4db1c1605b3dd39f46197dd59d1ddf1f24234efad67103b?s=96&d=mm&r=g\",\"caption\":\"Redac\"},\"sameAs\":[\"http:\/\/algerieintelligence.com\"]}]}<\/script>\n<!-- \/ Yoast SEO plugin. -->","yoast_head_json":{"title":"Isra\u00ebl cible officiellement l'Alg\u00e9rie comme menace prioritaire! - Alg\u00e9rie Intelligence","robots":{"index":"index","follow":"follow","max-snippet":"max-snippet:-1","max-image-preview":"max-image-preview:large","max-video-preview":"max-video-preview:-1"},"canonical":"https:\/\/algerieintelligence.com\/index.php\/2021\/08\/28\/israel-cible-officiellement-lalgerie-comme-menace-prioritaire\/","og_locale":"fr_FR","og_type":"article","og_title":"Isra\u00ebl cible officiellement l'Alg\u00e9rie comme menace prioritaire! - Alg\u00e9rie Intelligence","og_description":"Isra\u00ebl cible officiellement l&rsquo;Alg\u00e9rie comme menace prioritaire! Les \u00e9v\u00e9nements s&rsquo;acc\u00e9l\u00e9rent en cet \u00e9t\u00e9 caniculaire o\u00f9 l&rsquo;\u00c9tat alg\u00e9rien doit faire face \u00e0 des d\u00e9fis complexes et nombreux. L&rsquo;Alg\u00e9rie est en effet d\u00e9j\u00e0 confront\u00e9e \u00e0 une crise sanitaire \u00e9touffante qui a mis aux devants de la sc\u00e8ne l&rsquo;\u00e9chec lamentable de la politique alg\u00e9rienne de la sant\u00e9 men\u00e9e [&hellip;]","og_url":"https:\/\/algerieintelligence.com\/index.php\/2021\/08\/28\/israel-cible-officiellement-lalgerie-comme-menace-prioritaire\/","og_site_name":"Alg\u00e9rie Intelligence","article_published_time":"2021-08-28T15:34:46+00:00","article_modified_time":"2021-10-01T21:39:43+00:00","og_image":[{"width":924,"height":616,"url":"https:\/\/algerieintelligence.com\/wp-content\/uploads\/2021\/08\/resize.jpeg.jpg","type":"image\/jpeg"}],"author":"Redac","twitter_card":"summary_large_image","twitter_misc":{"\u00c9crit par":"Redac","Dur\u00e9e de lecture estim\u00e9e":"2 minutes"},"schema":{"@context":"https:\/\/schema.org","@graph":[{"@type":"WebPage","@id":"https:\/\/algerieintelligence.com\/index.php\/2021\/08\/28\/israel-cible-officiellement-lalgerie-comme-menace-prioritaire\/","url":"https:\/\/algerieintelligence.com\/index.php\/2021\/08\/28\/israel-cible-officiellement-lalgerie-comme-menace-prioritaire\/","name":"Isra\u00ebl cible officiellement l'Alg\u00e9rie comme menace prioritaire! - Alg\u00e9rie Intelligence","isPartOf":{"@id":"https:\/\/algerieintelligence.com\/#website"},"primaryImageOfPage":{"@id":"https:\/\/algerieintelligence.com\/index.php\/2021\/08\/28\/israel-cible-officiellement-lalgerie-comme-menace-prioritaire\/#primaryimage"},"image":{"@id":"https:\/\/algerieintelligence.com\/index.php\/2021\/08\/28\/israel-cible-officiellement-lalgerie-comme-menace-prioritaire\/#primaryimage"},"thumbnailUrl":"https:\/\/algerieintelligence.com\/wp-content\/uploads\/2021\/08\/resize.jpeg.jpg","datePublished":"2021-08-28T15:34:46+00:00","dateModified":"2021-10-01T21:39:43+00:00","author":{"@id":"https:\/\/algerieintelligence.com\/#\/schema\/person\/c648b09662082cf8039362aa83d977b5"},"breadcrumb":{"@id":"https:\/\/algerieintelligence.com\/index.php\/2021\/08\/28\/israel-cible-officiellement-lalgerie-comme-menace-prioritaire\/#breadcrumb"},"inLanguage":"fr-FR","potentialAction":[{"@type":"ReadAction","target":["https:\/\/algerieintelligence.com\/index.php\/2021\/08\/28\/israel-cible-officiellement-lalgerie-comme-menace-prioritaire\/"]}]},{"@type":"ImageObject","inLanguage":"fr-FR","@id":"https:\/\/algerieintelligence.com\/index.php\/2021\/08\/28\/israel-cible-officiellement-lalgerie-comme-menace-prioritaire\/#primaryimage","url":"https:\/\/algerieintelligence.com\/wp-content\/uploads\/2021\/08\/resize.jpeg.jpg","contentUrl":"https:\/\/algerieintelligence.com\/wp-content\/uploads\/2021\/08\/resize.jpeg.jpg","width":924,"height":616},{"@type":"BreadcrumbList","@id":"https:\/\/algerieintelligence.com\/index.php\/2021\/08\/28\/israel-cible-officiellement-lalgerie-comme-menace-prioritaire\/#breadcrumb","itemListElement":[{"@type":"ListItem","position":1,"name":"Accueil","item":"https:\/\/algerieintelligence.com\/"},{"@type":"ListItem","position":2,"name":"Isra\u00ebl cible officiellement l&rsquo;Alg\u00e9rie comme menace prioritaire!"}]},{"@type":"WebSite","@id":"https:\/\/algerieintelligence.com\/#website","url":"https:\/\/algerieintelligence.com\/","name":"Alg\u00e9rie Intelligence","description":"","potentialAction":[{"@type":"SearchAction","target":{"@type":"EntryPoint","urlTemplate":"https:\/\/algerieintelligence.com\/?s={search_term_string}"},"query-input":{"@type":"PropertyValueSpecification","valueRequired":true,"valueName":"search_term_string"}}],"inLanguage":"fr-FR"},{"@type":"Person","@id":"https:\/\/algerieintelligence.com\/#\/schema\/person\/c648b09662082cf8039362aa83d977b5","name":"Redac","image":{"@type":"ImageObject","inLanguage":"fr-FR","@id":"https:\/\/algerieintelligence.com\/#\/schema\/person\/image\/","url":"https:\/\/secure.gravatar.com\/avatar\/3e3f5b8d3962700be4db1c1605b3dd39f46197dd59d1ddf1f24234efad67103b?s=96&d=mm&r=g","contentUrl":"https:\/\/secure.gravatar.com\/avatar\/3e3f5b8d3962700be4db1c1605b3dd39f46197dd59d1ddf1f24234efad67103b?s=96&d=mm&r=g","caption":"Redac"},"sameAs":["http:\/\/algerieintelligence.com"]}]}},"_links":{"self":[{"href":"https:\/\/algerieintelligence.com\/index.php\/wp-json\/wp\/v2\/posts\/611","targetHints":{"allow":["GET"]}}],"collection":[{"href":"https:\/\/algerieintelligence.com\/index.php\/wp-json\/wp\/v2\/posts"}],"about":[{"href":"https:\/\/algerieintelligence.com\/index.php\/wp-json\/wp\/v2\/types\/post"}],"author":[{"embeddable":true,"href":"https:\/\/algerieintelligence.com\/index.php\/wp-json\/wp\/v2\/users\/2"}],"replies":[{"embeddable":true,"href":"https:\/\/algerieintelligence.com\/index.php\/wp-json\/wp\/v2\/comments?post=611"}],"version-history":[{"count":7,"href":"https:\/\/algerieintelligence.com\/index.php\/wp-json\/wp\/v2\/posts\/611\/revisions"}],"predecessor-version":[{"id":656,"href":"https:\/\/algerieintelligence.com\/index.php\/wp-json\/wp\/v2\/posts\/611\/revisions\/656"}],"wp:featuredmedia":[{"embeddable":true,"href":"https:\/\/algerieintelligence.com\/index.php\/wp-json\/wp\/v2\/media\/614"}],"wp:attachment":[{"href":"https:\/\/algerieintelligence.com\/index.php\/wp-json\/wp\/v2\/media?parent=611"}],"wp:term":[{"taxonomy":"category","embeddable":true,"href":"https:\/\/algerieintelligence.com\/index.php\/wp-json\/wp\/v2\/categories?post=611"},{"taxonomy":"post_tag","embeddable":true,"href":"https:\/\/algerieintelligence.com\/index.php\/wp-json\/wp\/v2\/tags?post=611"}],"curies":[{"name":"wp","href":"https:\/\/api.w.org\/{rel}","templated":true}]}}