{"id":574,"date":"2021-07-26T03:29:29","date_gmt":"2021-07-26T02:29:29","guid":{"rendered":"https:\/\/algerieintelligence.com\/?p=574"},"modified":"2021-07-26T03:29:30","modified_gmt":"2021-07-26T02:29:30","slug":"en-france-la-chute-de-la-5eme-republique-est-ineluctable","status":"publish","type":"post","link":"https:\/\/algerieintelligence.com\/index.php\/2021\/07\/26\/en-france-la-chute-de-la-5eme-republique-est-ineluctable\/","title":{"rendered":"En France, la chute de la 5\u00e8me R\u00e9publique est in\u00e9luctable"},"content":{"rendered":"\n<h2 class=\"wp-block-heading\" style=\"font-size:38px;line-height:1.4\"><strong><sup><span style=\"color:#b92323\" class=\"has-inline-color\">En France, la chute de la 5\u00e8me R\u00e9publique est in\u00e9luctable<\/span><\/sup><\/strong><\/h2>\n\n\n\n<div class=\"wp-block-columns is-layout-flex wp-container-core-columns-is-layout-9d6595d7 wp-block-columns-is-layout-flex\">\n<div class=\"wp-block-column is-layout-flow wp-block-column-is-layout-flow\"><\/div>\n\n\n\n<div class=\"wp-block-column is-layout-flow wp-block-column-is-layout-flow\">\n<p style=\"font-size:18px\"><\/p>\n<\/div>\n<\/div>\n\n\n\n<div class=\"wp-block-columns is-layout-flex wp-container-core-columns-is-layout-9d6595d7 wp-block-columns-is-layout-flex\">\n<div class=\"wp-block-column is-layout-flow wp-block-column-is-layout-flow\">\n<p style=\"font-size:18px\">Le syst\u00e8me en France ne croit d\u00e9finitivement plus en la d\u00e9mocratie et le cynisme a atteint son comble. Traumatis\u00e9 par la crise des \u00ab\u00a0Gilets Jaunes\u00a0\u00bb, le conglom\u00e9rat pour lequel travaille Emmanuel Macron profite de la crise sanitaire mondiale afin de soumettre la soci\u00e9t\u00e9 \u00e0 un nouvel ordre o\u00f9 la citoyennet\u00e9 serait vid\u00e9e de son sens. La libert\u00e9, l&rsquo;\u00e9galit\u00e9 et la fraternit\u00e9 sont les ennemis ultimes des tenants actuels du pouvoir dans ce pays qui est pourtant \u00e0 l&rsquo;origine des Droits de l&rsquo;homme modernes. La d\u00e9mocratie est d\u00e9sormais per\u00e7ue comme d\u00e9mod\u00e9e et obsol\u00e8te, elle doit c\u00e9der sa place \u00e0 un totalitarisme semblable au syst\u00e8me politique chinois mais \u00e0 la sauce lib\u00e9rale.<\/p>\n<\/div>\n\n\n\n<div class=\"wp-block-column is-layout-flow wp-block-column-is-layout-flow\">\n<p style=\"font-size:18px\">Pouvant s&rsquo;appuyer sur des moyens technologiques ind\u00e9niables, plusieurs gouvernements occidentaux ont d\u00e9cid\u00e9 de passer \u00e0 la vitesse sup\u00e9rieure en mati\u00e8re de surveillance et de contr\u00f4le de la population et le scandale \u00ab\u00a0Pegasus\u00a0\u00bb n&rsquo;est qu&rsquo;un infime aper\u00e7u des moyens d\u00e9ploy\u00e9s dans ce sens. Mais la partie n&rsquo;est pas gagn\u00e9e d&rsquo;avance et, en France, la r\u00e9sistance s&rsquo;organise, notamment au sein de l&rsquo;arm\u00e9e qui ne tol\u00e8re plus l&rsquo;id\u00e9ologie ultralib\u00e9rale et mondialiste du pr\u00e9sident Macron et de ceux qui l&rsquo;ont mis au pouvoir. Le grand m\u00e9nage se pr\u00e9pare et un deuxi\u00e8me mandat d&rsquo;Emmanuel Macron ne sera pas tol\u00e9r\u00e9.<\/p>\n<\/div>\n<\/div>\n\n\n\n<p>(Cr\u00e9dits photo: Lapresse)<\/p>\n","protected":false},"excerpt":{"rendered":"<p>En France, la chute de la 5\u00e8me R\u00e9publique est in\u00e9luctable Le syst\u00e8me en France ne croit d\u00e9finitivement plus en la d\u00e9mocratie et le cynisme a atteint son comble. Traumatis\u00e9 par la crise des \u00ab\u00a0Gilets Jaunes\u00a0\u00bb, le conglom\u00e9rat pour lequel travaille Emmanuel Macron profite de la crise sanitaire mondiale afin de soumettre la soci\u00e9t\u00e9 \u00e0 un [&hellip;]<\/p>\n","protected":false},"author":2,"featured_media":580,"comment_status":"open","ping_status":"open","sticky":false,"template":"","format":"standard","meta":{"footnotes":""},"categories":[8],"tags":[],"class_list":["post-574","post","type-post","status-publish","format-standard","has-post-thumbnail","hentry","category-international"],"yoast_head":"<!-- This site is optimized with the Yoast SEO plugin v26.0 - https:\/\/yoast.com\/wordpress\/plugins\/seo\/ -->\n<title>En France, la chute de la 5\u00e8me R\u00e9publique est in\u00e9luctable - Alg\u00e9rie Intelligence<\/title>\n<meta name=\"robots\" content=\"index, follow, max-snippet:-1, max-image-preview:large, max-video-preview:-1\" \/>\n<link rel=\"canonical\" href=\"https:\/\/algerieintelligence.com\/index.php\/2021\/07\/26\/en-france-la-chute-de-la-5eme-republique-est-ineluctable\/\" \/>\n<meta property=\"og:locale\" content=\"fr_FR\" \/>\n<meta property=\"og:type\" content=\"article\" \/>\n<meta property=\"og:title\" content=\"En France, la chute de la 5\u00e8me R\u00e9publique est in\u00e9luctable - Alg\u00e9rie Intelligence\" \/>\n<meta property=\"og:description\" content=\"En France, la chute de la 5\u00e8me R\u00e9publique est in\u00e9luctable Le syst\u00e8me en France ne croit d\u00e9finitivement plus en la d\u00e9mocratie et le cynisme a atteint son comble. Traumatis\u00e9 par la crise des \u00ab\u00a0Gilets Jaunes\u00a0\u00bb, le conglom\u00e9rat pour lequel travaille Emmanuel Macron profite de la crise sanitaire mondiale afin de soumettre la soci\u00e9t\u00e9 \u00e0 un [&hellip;]\" \/>\n<meta property=\"og:url\" content=\"https:\/\/algerieintelligence.com\/index.php\/2021\/07\/26\/en-france-la-chute-de-la-5eme-republique-est-ineluctable\/\" \/>\n<meta property=\"og:site_name\" content=\"Alg\u00e9rie Intelligence\" \/>\n<meta property=\"article:published_time\" content=\"2021-07-26T02:29:29+00:00\" \/>\n<meta property=\"article:modified_time\" content=\"2021-07-26T02:29:30+00:00\" \/>\n<meta property=\"og:image\" content=\"https:\/\/algerieintelligence.com\/wp-content\/uploads\/2021\/07\/f3e21ff3a8ee38ceb1453aa61f683eb7.jpeg.jpg\" \/>\n\t<meta property=\"og:image:width\" content=\"924\" \/>\n\t<meta property=\"og:image:height\" content=\"616\" \/>\n\t<meta property=\"og:image:type\" content=\"image\/jpeg\" \/>\n<meta name=\"author\" content=\"Redac\" \/>\n<meta name=\"twitter:card\" content=\"summary_large_image\" \/>\n<meta name=\"twitter:label1\" content=\"\u00c9crit par\" \/>\n\t<meta name=\"twitter:data1\" content=\"Redac\" \/>\n\t<meta name=\"twitter:label2\" content=\"Dur\u00e9e de lecture estim\u00e9e\" \/>\n\t<meta name=\"twitter:data2\" content=\"1 minute\" \/>\n<script type=\"application\/ld+json\" class=\"yoast-schema-graph\">{\"@context\":\"https:\/\/schema.org\",\"@graph\":[{\"@type\":\"WebPage\",\"@id\":\"https:\/\/algerieintelligence.com\/index.php\/2021\/07\/26\/en-france-la-chute-de-la-5eme-republique-est-ineluctable\/\",\"url\":\"https:\/\/algerieintelligence.com\/index.php\/2021\/07\/26\/en-france-la-chute-de-la-5eme-republique-est-ineluctable\/\",\"name\":\"En France, la chute de la 5\u00e8me R\u00e9publique est in\u00e9luctable - Alg\u00e9rie Intelligence\",\"isPartOf\":{\"@id\":\"https:\/\/algerieintelligence.com\/#website\"},\"primaryImageOfPage\":{\"@id\":\"https:\/\/algerieintelligence.com\/index.php\/2021\/07\/26\/en-france-la-chute-de-la-5eme-republique-est-ineluctable\/#primaryimage\"},\"image\":{\"@id\":\"https:\/\/algerieintelligence.com\/index.php\/2021\/07\/26\/en-france-la-chute-de-la-5eme-republique-est-ineluctable\/#primaryimage\"},\"thumbnailUrl\":\"https:\/\/algerieintelligence.com\/wp-content\/uploads\/2021\/07\/f3e21ff3a8ee38ceb1453aa61f683eb7.jpeg.jpg\",\"datePublished\":\"2021-07-26T02:29:29+00:00\",\"dateModified\":\"2021-07-26T02:29:30+00:00\",\"author\":{\"@id\":\"https:\/\/algerieintelligence.com\/#\/schema\/person\/c648b09662082cf8039362aa83d977b5\"},\"breadcrumb\":{\"@id\":\"https:\/\/algerieintelligence.com\/index.php\/2021\/07\/26\/en-france-la-chute-de-la-5eme-republique-est-ineluctable\/#breadcrumb\"},\"inLanguage\":\"fr-FR\",\"potentialAction\":[{\"@type\":\"ReadAction\",\"target\":[\"https:\/\/algerieintelligence.com\/index.php\/2021\/07\/26\/en-france-la-chute-de-la-5eme-republique-est-ineluctable\/\"]}]},{\"@type\":\"ImageObject\",\"inLanguage\":\"fr-FR\",\"@id\":\"https:\/\/algerieintelligence.com\/index.php\/2021\/07\/26\/en-france-la-chute-de-la-5eme-republique-est-ineluctable\/#primaryimage\",\"url\":\"https:\/\/algerieintelligence.com\/wp-content\/uploads\/2021\/07\/f3e21ff3a8ee38ceb1453aa61f683eb7.jpeg.jpg\",\"contentUrl\":\"https:\/\/algerieintelligence.com\/wp-content\/uploads\/2021\/07\/f3e21ff3a8ee38ceb1453aa61f683eb7.jpeg.jpg\",\"width\":924,\"height\":616},{\"@type\":\"BreadcrumbList\",\"@id\":\"https:\/\/algerieintelligence.com\/index.php\/2021\/07\/26\/en-france-la-chute-de-la-5eme-republique-est-ineluctable\/#breadcrumb\",\"itemListElement\":[{\"@type\":\"ListItem\",\"position\":1,\"name\":\"Accueil\",\"item\":\"https:\/\/algerieintelligence.com\/\"},{\"@type\":\"ListItem\",\"position\":2,\"name\":\"En France, la chute de la 5\u00e8me R\u00e9publique est in\u00e9luctable\"}]},{\"@type\":\"WebSite\",\"@id\":\"https:\/\/algerieintelligence.com\/#website\",\"url\":\"https:\/\/algerieintelligence.com\/\",\"name\":\"Alg\u00e9rie Intelligence\",\"description\":\"\",\"potentialAction\":[{\"@type\":\"SearchAction\",\"target\":{\"@type\":\"EntryPoint\",\"urlTemplate\":\"https:\/\/algerieintelligence.com\/?s={search_term_string}\"},\"query-input\":{\"@type\":\"PropertyValueSpecification\",\"valueRequired\":true,\"valueName\":\"search_term_string\"}}],\"inLanguage\":\"fr-FR\"},{\"@type\":\"Person\",\"@id\":\"https:\/\/algerieintelligence.com\/#\/schema\/person\/c648b09662082cf8039362aa83d977b5\",\"name\":\"Redac\",\"image\":{\"@type\":\"ImageObject\",\"inLanguage\":\"fr-FR\",\"@id\":\"https:\/\/algerieintelligence.com\/#\/schema\/person\/image\/\",\"url\":\"https:\/\/secure.gravatar.com\/avatar\/3e3f5b8d3962700be4db1c1605b3dd39f46197dd59d1ddf1f24234efad67103b?s=96&d=mm&r=g\",\"contentUrl\":\"https:\/\/secure.gravatar.com\/avatar\/3e3f5b8d3962700be4db1c1605b3dd39f46197dd59d1ddf1f24234efad67103b?s=96&d=mm&r=g\",\"caption\":\"Redac\"},\"sameAs\":[\"http:\/\/algerieintelligence.com\"]}]}<\/script>\n<!-- \/ Yoast SEO plugin. -->","yoast_head_json":{"title":"En France, la chute de la 5\u00e8me R\u00e9publique est in\u00e9luctable - Alg\u00e9rie Intelligence","robots":{"index":"index","follow":"follow","max-snippet":"max-snippet:-1","max-image-preview":"max-image-preview:large","max-video-preview":"max-video-preview:-1"},"canonical":"https:\/\/algerieintelligence.com\/index.php\/2021\/07\/26\/en-france-la-chute-de-la-5eme-republique-est-ineluctable\/","og_locale":"fr_FR","og_type":"article","og_title":"En France, la chute de la 5\u00e8me R\u00e9publique est in\u00e9luctable - Alg\u00e9rie Intelligence","og_description":"En France, la chute de la 5\u00e8me R\u00e9publique est in\u00e9luctable Le syst\u00e8me en France ne croit d\u00e9finitivement plus en la d\u00e9mocratie et le cynisme a atteint son comble. Traumatis\u00e9 par la crise des \u00ab\u00a0Gilets Jaunes\u00a0\u00bb, le conglom\u00e9rat pour lequel travaille Emmanuel Macron profite de la crise sanitaire mondiale afin de soumettre la soci\u00e9t\u00e9 \u00e0 un [&hellip;]","og_url":"https:\/\/algerieintelligence.com\/index.php\/2021\/07\/26\/en-france-la-chute-de-la-5eme-republique-est-ineluctable\/","og_site_name":"Alg\u00e9rie Intelligence","article_published_time":"2021-07-26T02:29:29+00:00","article_modified_time":"2021-07-26T02:29:30+00:00","og_image":[{"width":924,"height":616,"url":"https:\/\/algerieintelligence.com\/wp-content\/uploads\/2021\/07\/f3e21ff3a8ee38ceb1453aa61f683eb7.jpeg.jpg","type":"image\/jpeg"}],"author":"Redac","twitter_card":"summary_large_image","twitter_misc":{"\u00c9crit par":"Redac","Dur\u00e9e de lecture estim\u00e9e":"1 minute"},"schema":{"@context":"https:\/\/schema.org","@graph":[{"@type":"WebPage","@id":"https:\/\/algerieintelligence.com\/index.php\/2021\/07\/26\/en-france-la-chute-de-la-5eme-republique-est-ineluctable\/","url":"https:\/\/algerieintelligence.com\/index.php\/2021\/07\/26\/en-france-la-chute-de-la-5eme-republique-est-ineluctable\/","name":"En France, la chute de la 5\u00e8me R\u00e9publique est in\u00e9luctable - Alg\u00e9rie Intelligence","isPartOf":{"@id":"https:\/\/algerieintelligence.com\/#website"},"primaryImageOfPage":{"@id":"https:\/\/algerieintelligence.com\/index.php\/2021\/07\/26\/en-france-la-chute-de-la-5eme-republique-est-ineluctable\/#primaryimage"},"image":{"@id":"https:\/\/algerieintelligence.com\/index.php\/2021\/07\/26\/en-france-la-chute-de-la-5eme-republique-est-ineluctable\/#primaryimage"},"thumbnailUrl":"https:\/\/algerieintelligence.com\/wp-content\/uploads\/2021\/07\/f3e21ff3a8ee38ceb1453aa61f683eb7.jpeg.jpg","datePublished":"2021-07-26T02:29:29+00:00","dateModified":"2021-07-26T02:29:30+00:00","author":{"@id":"https:\/\/algerieintelligence.com\/#\/schema\/person\/c648b09662082cf8039362aa83d977b5"},"breadcrumb":{"@id":"https:\/\/algerieintelligence.com\/index.php\/2021\/07\/26\/en-france-la-chute-de-la-5eme-republique-est-ineluctable\/#breadcrumb"},"inLanguage":"fr-FR","potentialAction":[{"@type":"ReadAction","target":["https:\/\/algerieintelligence.com\/index.php\/2021\/07\/26\/en-france-la-chute-de-la-5eme-republique-est-ineluctable\/"]}]},{"@type":"ImageObject","inLanguage":"fr-FR","@id":"https:\/\/algerieintelligence.com\/index.php\/2021\/07\/26\/en-france-la-chute-de-la-5eme-republique-est-ineluctable\/#primaryimage","url":"https:\/\/algerieintelligence.com\/wp-content\/uploads\/2021\/07\/f3e21ff3a8ee38ceb1453aa61f683eb7.jpeg.jpg","contentUrl":"https:\/\/algerieintelligence.com\/wp-content\/uploads\/2021\/07\/f3e21ff3a8ee38ceb1453aa61f683eb7.jpeg.jpg","width":924,"height":616},{"@type":"BreadcrumbList","@id":"https:\/\/algerieintelligence.com\/index.php\/2021\/07\/26\/en-france-la-chute-de-la-5eme-republique-est-ineluctable\/#breadcrumb","itemListElement":[{"@type":"ListItem","position":1,"name":"Accueil","item":"https:\/\/algerieintelligence.com\/"},{"@type":"ListItem","position":2,"name":"En France, la chute de la 5\u00e8me R\u00e9publique est in\u00e9luctable"}]},{"@type":"WebSite","@id":"https:\/\/algerieintelligence.com\/#website","url":"https:\/\/algerieintelligence.com\/","name":"Alg\u00e9rie Intelligence","description":"","potentialAction":[{"@type":"SearchAction","target":{"@type":"EntryPoint","urlTemplate":"https:\/\/algerieintelligence.com\/?s={search_term_string}"},"query-input":{"@type":"PropertyValueSpecification","valueRequired":true,"valueName":"search_term_string"}}],"inLanguage":"fr-FR"},{"@type":"Person","@id":"https:\/\/algerieintelligence.com\/#\/schema\/person\/c648b09662082cf8039362aa83d977b5","name":"Redac","image":{"@type":"ImageObject","inLanguage":"fr-FR","@id":"https:\/\/algerieintelligence.com\/#\/schema\/person\/image\/","url":"https:\/\/secure.gravatar.com\/avatar\/3e3f5b8d3962700be4db1c1605b3dd39f46197dd59d1ddf1f24234efad67103b?s=96&d=mm&r=g","contentUrl":"https:\/\/secure.gravatar.com\/avatar\/3e3f5b8d3962700be4db1c1605b3dd39f46197dd59d1ddf1f24234efad67103b?s=96&d=mm&r=g","caption":"Redac"},"sameAs":["http:\/\/algerieintelligence.com"]}]}},"_links":{"self":[{"href":"https:\/\/algerieintelligence.com\/index.php\/wp-json\/wp\/v2\/posts\/574","targetHints":{"allow":["GET"]}}],"collection":[{"href":"https:\/\/algerieintelligence.com\/index.php\/wp-json\/wp\/v2\/posts"}],"about":[{"href":"https:\/\/algerieintelligence.com\/index.php\/wp-json\/wp\/v2\/types\/post"}],"author":[{"embeddable":true,"href":"https:\/\/algerieintelligence.com\/index.php\/wp-json\/wp\/v2\/users\/2"}],"replies":[{"embeddable":true,"href":"https:\/\/algerieintelligence.com\/index.php\/wp-json\/wp\/v2\/comments?post=574"}],"version-history":[{"count":6,"href":"https:\/\/algerieintelligence.com\/index.php\/wp-json\/wp\/v2\/posts\/574\/revisions"}],"predecessor-version":[{"id":581,"href":"https:\/\/algerieintelligence.com\/index.php\/wp-json\/wp\/v2\/posts\/574\/revisions\/581"}],"wp:featuredmedia":[{"embeddable":true,"href":"https:\/\/algerieintelligence.com\/index.php\/wp-json\/wp\/v2\/media\/580"}],"wp:attachment":[{"href":"https:\/\/algerieintelligence.com\/index.php\/wp-json\/wp\/v2\/media?parent=574"}],"wp:term":[{"taxonomy":"category","embeddable":true,"href":"https:\/\/algerieintelligence.com\/index.php\/wp-json\/wp\/v2\/categories?post=574"},{"taxonomy":"post_tag","embeddable":true,"href":"https:\/\/algerieintelligence.com\/index.php\/wp-json\/wp\/v2\/tags?post=574"}],"curies":[{"name":"wp","href":"https:\/\/api.w.org\/{rel}","templated":true}]}}