{"id":562,"date":"2021-07-12T19:18:33","date_gmt":"2021-07-12T18:18:33","guid":{"rendered":"https:\/\/algerieintelligence.com\/?p=562"},"modified":"2021-07-12T19:18:34","modified_gmt":"2021-07-12T18:18:34","slug":"le-president-de-la-republique-prive-de-liberte-dexpression","status":"publish","type":"post","link":"https:\/\/algerieintelligence.com\/index.php\/2021\/07\/12\/le-president-de-la-republique-prive-de-liberte-dexpression\/","title":{"rendered":"Le pr\u00e9sident de la r\u00e9publique priv\u00e9 de libert\u00e9 d&rsquo;expression ?"},"content":{"rendered":"\n<div class=\"wp-block-group\"><div class=\"wp-block-group__inner-container is-layout-flow wp-block-group-is-layout-flow\">\n<h2 class=\"has-text-color wp-block-heading\" style=\"color:#ba0c49;font-size:38px\">Le pr\u00e9sident de la r\u00e9publique priv\u00e9 de libert\u00e9 d&rsquo;expression ?<\/h2>\n\n\n\n<div class=\"wp-block-columns is-layout-flex wp-container-core-columns-is-layout-9d6595d7 wp-block-columns-is-layout-flex\">\n<div class=\"wp-block-column is-layout-flow wp-block-column-is-layout-flow\">\n<p style=\"font-size:18px\">La r\u00e9daction m\u00e8ne actuellement une enqu\u00eate sur les derni\u00e8res interventions m\u00e9diatiques du pr\u00e9sident Abdelmadjid Tebboune dans le but de d\u00e9terminer les raisons qui font que ce dernier ne s&rsquo;adresse plus aux m\u00e9dias nationaux depuis maintenant plus de 3 mois. Rappelons que le pr\u00e9sident de la r\u00e9publique a eu le m\u00e9rite d&rsquo;instaurer une rencontre mensuel avec la presse nationale qu&rsquo;il recevait au palais d&rsquo;El Mouradia. Ces rencontres, g\u00e9n\u00e9ralement espac\u00e9es d&rsquo;un mois \u00e0 un mois et demi, ont tout simplement cess\u00e9 et la derni\u00e8re s&rsquo;est tenue aux d\u00e9buts du mois d&rsquo;avril. Selon nos informations, le pr\u00e9sident de la r\u00e9publique ne s&rsquo;adresse plus \u00e0 la presse nationale pour deux raisons principales :<\/p>\n<\/div>\n\n\n\n<div class=\"wp-block-column is-layout-flow wp-block-column-is-layout-flow\">\n<p style=\"font-size:18px\"> La premi\u00e8re est que Tebboune n&rsquo;a tout simplement pas les r\u00e9ponses aux questions des journalistes concernant le niveau de vie des Alg\u00e9riens, le pouvoir d&rsquo;achat et les probl\u00e8mes que rencontrent les Alg\u00e9riens au quotidien. La deuxi\u00e8me raison est l&rsquo;intervention d&rsquo;officiers militaires aupr\u00e8s de Tebboune afin de limiter la libert\u00e9 de ton de ce dernier. Le pr\u00e9sident de la r\u00e9publique poss\u00e8de en effet un style qui rompt avec la langue de bois traditionnelle de l&rsquo;\u00c9tat. Lors de la derni\u00e8re entrevue avec les m\u00e9dias nationaux, Tebboune n&rsquo;a pas h\u00e9sit\u00e9 \u00e0 admettre un rapprochement avec la France et l&rsquo;impuissance du gouvernement \u00e0 faire face \u00e0 l&rsquo;anarchie dans les prix \u00e0 quelques semaines du Ramadan. Les services du renseignement auraient jug\u00e9 l&rsquo;entrevue de Tebboune du mois d&rsquo;avril catastrophique et auraient donc d\u00e9cid\u00e9 d&rsquo;encadrer les d\u00e9clarations de Tebboune au peuple alg\u00e9rien. <\/p>\n<\/div>\n<\/div>\n<\/div><\/div>\n\n\n\n<p>(Cr\u00e9dits photo: APS)<\/p>\n","protected":false},"excerpt":{"rendered":"<p>Le pr\u00e9sident de la r\u00e9publique priv\u00e9 de libert\u00e9 d&rsquo;expression ? La r\u00e9daction m\u00e8ne actuellement une enqu\u00eate sur les derni\u00e8res interventions m\u00e9diatiques du pr\u00e9sident Abdelmadjid Tebboune dans le but de d\u00e9terminer les raisons qui font que ce dernier ne s&rsquo;adresse plus aux m\u00e9dias nationaux depuis maintenant plus de 3 mois. Rappelons que le pr\u00e9sident de la [&hellip;]<\/p>\n","protected":false},"author":2,"featured_media":563,"comment_status":"open","ping_status":"open","sticky":false,"template":"","format":"standard","meta":{"footnotes":""},"categories":[5],"tags":[],"class_list":["post-562","post","type-post","status-publish","format-standard","has-post-thumbnail","hentry","category-analyse-et-info"],"yoast_head":"<!-- This site is optimized with the Yoast SEO plugin v26.0 - https:\/\/yoast.com\/wordpress\/plugins\/seo\/ -->\n<title>Le pr\u00e9sident de la r\u00e9publique priv\u00e9 de libert\u00e9 d&#039;expression ? - Alg\u00e9rie Intelligence<\/title>\n<meta name=\"robots\" content=\"index, follow, max-snippet:-1, max-image-preview:large, max-video-preview:-1\" \/>\n<link rel=\"canonical\" href=\"https:\/\/algerieintelligence.com\/index.php\/2021\/07\/12\/le-president-de-la-republique-prive-de-liberte-dexpression\/\" \/>\n<meta property=\"og:locale\" content=\"fr_FR\" \/>\n<meta property=\"og:type\" content=\"article\" \/>\n<meta property=\"og:title\" content=\"Le pr\u00e9sident de la r\u00e9publique priv\u00e9 de libert\u00e9 d&#039;expression ? - Alg\u00e9rie Intelligence\" \/>\n<meta property=\"og:description\" content=\"Le pr\u00e9sident de la r\u00e9publique priv\u00e9 de libert\u00e9 d&rsquo;expression ? La r\u00e9daction m\u00e8ne actuellement une enqu\u00eate sur les derni\u00e8res interventions m\u00e9diatiques du pr\u00e9sident Abdelmadjid Tebboune dans le but de d\u00e9terminer les raisons qui font que ce dernier ne s&rsquo;adresse plus aux m\u00e9dias nationaux depuis maintenant plus de 3 mois. Rappelons que le pr\u00e9sident de la [&hellip;]\" \/>\n<meta property=\"og:url\" content=\"https:\/\/algerieintelligence.com\/index.php\/2021\/07\/12\/le-president-de-la-republique-prive-de-liberte-dexpression\/\" \/>\n<meta property=\"og:site_name\" content=\"Alg\u00e9rie Intelligence\" \/>\n<meta property=\"article:published_time\" content=\"2021-07-12T18:18:33+00:00\" \/>\n<meta property=\"article:modified_time\" content=\"2021-07-12T18:18:34+00:00\" \/>\n<meta property=\"og:image\" content=\"https:\/\/algerieintelligence.com\/wp-content\/uploads\/2021\/07\/37d33a518b54daaf4761b25262953b78_M.jpg\" \/>\n\t<meta property=\"og:image:width\" content=\"580\" \/>\n\t<meta property=\"og:image:height\" content=\"365\" \/>\n\t<meta property=\"og:image:type\" content=\"image\/jpeg\" \/>\n<meta name=\"author\" content=\"Redac\" \/>\n<meta name=\"twitter:card\" content=\"summary_large_image\" \/>\n<meta name=\"twitter:label1\" content=\"\u00c9crit par\" \/>\n\t<meta name=\"twitter:data1\" content=\"Redac\" \/>\n\t<meta name=\"twitter:label2\" content=\"Dur\u00e9e de lecture estim\u00e9e\" \/>\n\t<meta name=\"twitter:data2\" content=\"2 minutes\" \/>\n<script type=\"application\/ld+json\" class=\"yoast-schema-graph\">{\"@context\":\"https:\/\/schema.org\",\"@graph\":[{\"@type\":\"WebPage\",\"@id\":\"https:\/\/algerieintelligence.com\/index.php\/2021\/07\/12\/le-president-de-la-republique-prive-de-liberte-dexpression\/\",\"url\":\"https:\/\/algerieintelligence.com\/index.php\/2021\/07\/12\/le-president-de-la-republique-prive-de-liberte-dexpression\/\",\"name\":\"Le pr\u00e9sident de la r\u00e9publique priv\u00e9 de libert\u00e9 d'expression ? - Alg\u00e9rie Intelligence\",\"isPartOf\":{\"@id\":\"https:\/\/algerieintelligence.com\/#website\"},\"primaryImageOfPage\":{\"@id\":\"https:\/\/algerieintelligence.com\/index.php\/2021\/07\/12\/le-president-de-la-republique-prive-de-liberte-dexpression\/#primaryimage\"},\"image\":{\"@id\":\"https:\/\/algerieintelligence.com\/index.php\/2021\/07\/12\/le-president-de-la-republique-prive-de-liberte-dexpression\/#primaryimage\"},\"thumbnailUrl\":\"https:\/\/algerieintelligence.com\/wp-content\/uploads\/2021\/07\/37d33a518b54daaf4761b25262953b78_M.jpg\",\"datePublished\":\"2021-07-12T18:18:33+00:00\",\"dateModified\":\"2021-07-12T18:18:34+00:00\",\"author\":{\"@id\":\"https:\/\/algerieintelligence.com\/#\/schema\/person\/c648b09662082cf8039362aa83d977b5\"},\"breadcrumb\":{\"@id\":\"https:\/\/algerieintelligence.com\/index.php\/2021\/07\/12\/le-president-de-la-republique-prive-de-liberte-dexpression\/#breadcrumb\"},\"inLanguage\":\"fr-FR\",\"potentialAction\":[{\"@type\":\"ReadAction\",\"target\":[\"https:\/\/algerieintelligence.com\/index.php\/2021\/07\/12\/le-president-de-la-republique-prive-de-liberte-dexpression\/\"]}]},{\"@type\":\"ImageObject\",\"inLanguage\":\"fr-FR\",\"@id\":\"https:\/\/algerieintelligence.com\/index.php\/2021\/07\/12\/le-president-de-la-republique-prive-de-liberte-dexpression\/#primaryimage\",\"url\":\"https:\/\/algerieintelligence.com\/wp-content\/uploads\/2021\/07\/37d33a518b54daaf4761b25262953b78_M.jpg\",\"contentUrl\":\"https:\/\/algerieintelligence.com\/wp-content\/uploads\/2021\/07\/37d33a518b54daaf4761b25262953b78_M.jpg\",\"width\":580,\"height\":365},{\"@type\":\"BreadcrumbList\",\"@id\":\"https:\/\/algerieintelligence.com\/index.php\/2021\/07\/12\/le-president-de-la-republique-prive-de-liberte-dexpression\/#breadcrumb\",\"itemListElement\":[{\"@type\":\"ListItem\",\"position\":1,\"name\":\"Accueil\",\"item\":\"https:\/\/algerieintelligence.com\/\"},{\"@type\":\"ListItem\",\"position\":2,\"name\":\"Le pr\u00e9sident de la r\u00e9publique priv\u00e9 de libert\u00e9 d&rsquo;expression ?\"}]},{\"@type\":\"WebSite\",\"@id\":\"https:\/\/algerieintelligence.com\/#website\",\"url\":\"https:\/\/algerieintelligence.com\/\",\"name\":\"Alg\u00e9rie Intelligence\",\"description\":\"\",\"potentialAction\":[{\"@type\":\"SearchAction\",\"target\":{\"@type\":\"EntryPoint\",\"urlTemplate\":\"https:\/\/algerieintelligence.com\/?s={search_term_string}\"},\"query-input\":{\"@type\":\"PropertyValueSpecification\",\"valueRequired\":true,\"valueName\":\"search_term_string\"}}],\"inLanguage\":\"fr-FR\"},{\"@type\":\"Person\",\"@id\":\"https:\/\/algerieintelligence.com\/#\/schema\/person\/c648b09662082cf8039362aa83d977b5\",\"name\":\"Redac\",\"image\":{\"@type\":\"ImageObject\",\"inLanguage\":\"fr-FR\",\"@id\":\"https:\/\/algerieintelligence.com\/#\/schema\/person\/image\/\",\"url\":\"https:\/\/secure.gravatar.com\/avatar\/3e3f5b8d3962700be4db1c1605b3dd39f46197dd59d1ddf1f24234efad67103b?s=96&d=mm&r=g\",\"contentUrl\":\"https:\/\/secure.gravatar.com\/avatar\/3e3f5b8d3962700be4db1c1605b3dd39f46197dd59d1ddf1f24234efad67103b?s=96&d=mm&r=g\",\"caption\":\"Redac\"},\"sameAs\":[\"http:\/\/algerieintelligence.com\"]}]}<\/script>\n<!-- \/ Yoast SEO plugin. -->","yoast_head_json":{"title":"Le pr\u00e9sident de la r\u00e9publique priv\u00e9 de libert\u00e9 d'expression ? - Alg\u00e9rie Intelligence","robots":{"index":"index","follow":"follow","max-snippet":"max-snippet:-1","max-image-preview":"max-image-preview:large","max-video-preview":"max-video-preview:-1"},"canonical":"https:\/\/algerieintelligence.com\/index.php\/2021\/07\/12\/le-president-de-la-republique-prive-de-liberte-dexpression\/","og_locale":"fr_FR","og_type":"article","og_title":"Le pr\u00e9sident de la r\u00e9publique priv\u00e9 de libert\u00e9 d'expression ? - Alg\u00e9rie Intelligence","og_description":"Le pr\u00e9sident de la r\u00e9publique priv\u00e9 de libert\u00e9 d&rsquo;expression ? La r\u00e9daction m\u00e8ne actuellement une enqu\u00eate sur les derni\u00e8res interventions m\u00e9diatiques du pr\u00e9sident Abdelmadjid Tebboune dans le but de d\u00e9terminer les raisons qui font que ce dernier ne s&rsquo;adresse plus aux m\u00e9dias nationaux depuis maintenant plus de 3 mois. Rappelons que le pr\u00e9sident de la [&hellip;]","og_url":"https:\/\/algerieintelligence.com\/index.php\/2021\/07\/12\/le-president-de-la-republique-prive-de-liberte-dexpression\/","og_site_name":"Alg\u00e9rie Intelligence","article_published_time":"2021-07-12T18:18:33+00:00","article_modified_time":"2021-07-12T18:18:34+00:00","og_image":[{"width":580,"height":365,"url":"https:\/\/algerieintelligence.com\/wp-content\/uploads\/2021\/07\/37d33a518b54daaf4761b25262953b78_M.jpg","type":"image\/jpeg"}],"author":"Redac","twitter_card":"summary_large_image","twitter_misc":{"\u00c9crit par":"Redac","Dur\u00e9e de lecture estim\u00e9e":"2 minutes"},"schema":{"@context":"https:\/\/schema.org","@graph":[{"@type":"WebPage","@id":"https:\/\/algerieintelligence.com\/index.php\/2021\/07\/12\/le-president-de-la-republique-prive-de-liberte-dexpression\/","url":"https:\/\/algerieintelligence.com\/index.php\/2021\/07\/12\/le-president-de-la-republique-prive-de-liberte-dexpression\/","name":"Le pr\u00e9sident de la r\u00e9publique priv\u00e9 de libert\u00e9 d'expression ? - Alg\u00e9rie Intelligence","isPartOf":{"@id":"https:\/\/algerieintelligence.com\/#website"},"primaryImageOfPage":{"@id":"https:\/\/algerieintelligence.com\/index.php\/2021\/07\/12\/le-president-de-la-republique-prive-de-liberte-dexpression\/#primaryimage"},"image":{"@id":"https:\/\/algerieintelligence.com\/index.php\/2021\/07\/12\/le-president-de-la-republique-prive-de-liberte-dexpression\/#primaryimage"},"thumbnailUrl":"https:\/\/algerieintelligence.com\/wp-content\/uploads\/2021\/07\/37d33a518b54daaf4761b25262953b78_M.jpg","datePublished":"2021-07-12T18:18:33+00:00","dateModified":"2021-07-12T18:18:34+00:00","author":{"@id":"https:\/\/algerieintelligence.com\/#\/schema\/person\/c648b09662082cf8039362aa83d977b5"},"breadcrumb":{"@id":"https:\/\/algerieintelligence.com\/index.php\/2021\/07\/12\/le-president-de-la-republique-prive-de-liberte-dexpression\/#breadcrumb"},"inLanguage":"fr-FR","potentialAction":[{"@type":"ReadAction","target":["https:\/\/algerieintelligence.com\/index.php\/2021\/07\/12\/le-president-de-la-republique-prive-de-liberte-dexpression\/"]}]},{"@type":"ImageObject","inLanguage":"fr-FR","@id":"https:\/\/algerieintelligence.com\/index.php\/2021\/07\/12\/le-president-de-la-republique-prive-de-liberte-dexpression\/#primaryimage","url":"https:\/\/algerieintelligence.com\/wp-content\/uploads\/2021\/07\/37d33a518b54daaf4761b25262953b78_M.jpg","contentUrl":"https:\/\/algerieintelligence.com\/wp-content\/uploads\/2021\/07\/37d33a518b54daaf4761b25262953b78_M.jpg","width":580,"height":365},{"@type":"BreadcrumbList","@id":"https:\/\/algerieintelligence.com\/index.php\/2021\/07\/12\/le-president-de-la-republique-prive-de-liberte-dexpression\/#breadcrumb","itemListElement":[{"@type":"ListItem","position":1,"name":"Accueil","item":"https:\/\/algerieintelligence.com\/"},{"@type":"ListItem","position":2,"name":"Le pr\u00e9sident de la r\u00e9publique priv\u00e9 de libert\u00e9 d&rsquo;expression ?"}]},{"@type":"WebSite","@id":"https:\/\/algerieintelligence.com\/#website","url":"https:\/\/algerieintelligence.com\/","name":"Alg\u00e9rie Intelligence","description":"","potentialAction":[{"@type":"SearchAction","target":{"@type":"EntryPoint","urlTemplate":"https:\/\/algerieintelligence.com\/?s={search_term_string}"},"query-input":{"@type":"PropertyValueSpecification","valueRequired":true,"valueName":"search_term_string"}}],"inLanguage":"fr-FR"},{"@type":"Person","@id":"https:\/\/algerieintelligence.com\/#\/schema\/person\/c648b09662082cf8039362aa83d977b5","name":"Redac","image":{"@type":"ImageObject","inLanguage":"fr-FR","@id":"https:\/\/algerieintelligence.com\/#\/schema\/person\/image\/","url":"https:\/\/secure.gravatar.com\/avatar\/3e3f5b8d3962700be4db1c1605b3dd39f46197dd59d1ddf1f24234efad67103b?s=96&d=mm&r=g","contentUrl":"https:\/\/secure.gravatar.com\/avatar\/3e3f5b8d3962700be4db1c1605b3dd39f46197dd59d1ddf1f24234efad67103b?s=96&d=mm&r=g","caption":"Redac"},"sameAs":["http:\/\/algerieintelligence.com"]}]}},"_links":{"self":[{"href":"https:\/\/algerieintelligence.com\/index.php\/wp-json\/wp\/v2\/posts\/562","targetHints":{"allow":["GET"]}}],"collection":[{"href":"https:\/\/algerieintelligence.com\/index.php\/wp-json\/wp\/v2\/posts"}],"about":[{"href":"https:\/\/algerieintelligence.com\/index.php\/wp-json\/wp\/v2\/types\/post"}],"author":[{"embeddable":true,"href":"https:\/\/algerieintelligence.com\/index.php\/wp-json\/wp\/v2\/users\/2"}],"replies":[{"embeddable":true,"href":"https:\/\/algerieintelligence.com\/index.php\/wp-json\/wp\/v2\/comments?post=562"}],"version-history":[{"count":4,"href":"https:\/\/algerieintelligence.com\/index.php\/wp-json\/wp\/v2\/posts\/562\/revisions"}],"predecessor-version":[{"id":567,"href":"https:\/\/algerieintelligence.com\/index.php\/wp-json\/wp\/v2\/posts\/562\/revisions\/567"}],"wp:featuredmedia":[{"embeddable":true,"href":"https:\/\/algerieintelligence.com\/index.php\/wp-json\/wp\/v2\/media\/563"}],"wp:attachment":[{"href":"https:\/\/algerieintelligence.com\/index.php\/wp-json\/wp\/v2\/media?parent=562"}],"wp:term":[{"taxonomy":"category","embeddable":true,"href":"https:\/\/algerieintelligence.com\/index.php\/wp-json\/wp\/v2\/categories?post=562"},{"taxonomy":"post_tag","embeddable":true,"href":"https:\/\/algerieintelligence.com\/index.php\/wp-json\/wp\/v2\/tags?post=562"}],"curies":[{"name":"wp","href":"https:\/\/api.w.org\/{rel}","templated":true}]}}