{"id":533,"date":"2021-06-28T00:00:18","date_gmt":"2021-06-27T23:00:18","guid":{"rendered":"https:\/\/algerieintelligence.com\/?p=533"},"modified":"2021-06-28T03:01:38","modified_gmt":"2021-06-28T02:01:38","slug":"quel-role-pour-larmee-algerienne-au-sahel","status":"publish","type":"post","link":"https:\/\/algerieintelligence.com\/index.php\/2021\/06\/28\/quel-role-pour-larmee-algerienne-au-sahel\/","title":{"rendered":"Quel r\u00f4le pour l&rsquo;arm\u00e9e alg\u00e9rienne au Sahel?"},"content":{"rendered":"\n<div class=\"wp-block-group\"><div class=\"wp-block-group__inner-container is-layout-flow wp-block-group-is-layout-flow\">\n<h2 class=\"has-text-color wp-block-heading\" style=\"color:#ba0c49;font-size:38px\">Quel r\u00f4le pour l&rsquo;arm\u00e9e alg\u00e9rienne au Sahel?<\/h2>\n\n\n\n<div class=\"wp-block-columns is-layout-flex wp-container-core-columns-is-layout-9d6595d7 wp-block-columns-is-layout-flex\">\n<div class=\"wp-block-column is-layout-flow wp-block-column-is-layout-flow\">\n<p style=\"font-size:18px\">L&rsquo;Alg\u00e9rie de Tebboune s&rsquo;est enfin dot\u00e9e de sa premi\u00e8re institution \u00e9lue! L&rsquo;\u00c9tat alg\u00e9rien a en effet annonc\u00e9 les r\u00e9sultats des premi\u00e8res \u00e9lections l\u00e9gislatives de l&rsquo;\u00e8re post-Hirak et celles-ci ne font que confirmer le d\u00e9sint\u00e9r\u00eat g\u00e9n\u00e9ral de la population vis-\u00e0-vis de l&rsquo;agenda des autorit\u00e9s. Pour ne rien changer, le FLN arrive de nouveau en t\u00eate, sans toutefois remporter la majorit\u00e9. Pour la premi\u00e8re fois cependant, les listes ind\u00e9pendantes s&rsquo;\u00e9rigent en deuxi\u00e8me force politique du pays, confirmant ainsi la volont\u00e9 de Tebboune de s&rsquo;appuyer sur le \u00ab\u00a0peuple\u00a0\u00bb afin de b\u00e2tir sa \u00ab\u00a0Nouvelle Alg\u00e9rie\u00a0\u00bb. <\/p>\n<\/div>\n\n\n\n<div class=\"wp-block-column is-layout-flow wp-block-column-is-layout-flow\">\n<p style=\"font-size:18px\">Les autorit\u00e9s se dotent avec cette nouvelle institution \u00ab\u00a0d\u00e9mocratique\u00a0\u00bb d&rsquo;une marge de manoeuvre importante dans l&rsquo;optique d&rsquo;une plus grande implication de l&rsquo;Arm\u00e9e Nationale Populaire (ANP) au-del\u00e0 des fronti\u00e8res du pays, notamment dans le sud. La nouvelle constitution permet en effet \u00e0 l&rsquo;Arm\u00e9e Nationale Populaire d&rsquo;intervenir en dehors des fronti\u00e8res sous couvert de l&rsquo;approbation des deux tiers de l&rsquo;Assembl\u00e9e populaire nationale. Tout cela intervient dans un contexte o\u00f9 l&rsquo;Alg\u00e9rie conteste de plus en plus le r\u00f4le de l&rsquo;arm\u00e9e fran\u00e7aise aux fronti\u00e8res avec le Niger et avec le Mali. Les Fran\u00e7ais ont d&rsquo;ores et d\u00e9j\u00e0 annonc\u00e9 le retrait progressif de 1500 soldats sur les 5000 stationn\u00e9s dans la r\u00e9gion du Sahel et la France devra d\u00e9sormais prendre en compte l&rsquo;arm\u00e9e alg\u00e9rienne avant d&rsquo;entreprendre une quelconque op\u00e9ration dans cette r\u00e9gion vitale pour la s\u00e9curit\u00e9 de l&rsquo;Alg\u00e9rie.<\/p>\n<\/div>\n<\/div>\n<\/div><\/div>\n\n\n\n<p>(Cr\u00e9dits photo: D.R)<\/p>\n","protected":false},"excerpt":{"rendered":"<p>Quel r\u00f4le pour l&rsquo;arm\u00e9e alg\u00e9rienne au Sahel? L&rsquo;Alg\u00e9rie de Tebboune s&rsquo;est enfin dot\u00e9e de sa premi\u00e8re institution \u00e9lue! L&rsquo;\u00c9tat alg\u00e9rien a en effet annonc\u00e9 les r\u00e9sultats des premi\u00e8res \u00e9lections l\u00e9gislatives de l&rsquo;\u00e8re post-Hirak et celles-ci ne font que confirmer le d\u00e9sint\u00e9r\u00eat g\u00e9n\u00e9ral de la population vis-\u00e0-vis de l&rsquo;agenda des autorit\u00e9s. Pour ne rien changer, le [&hellip;]<\/p>\n","protected":false},"author":2,"featured_media":534,"comment_status":"open","ping_status":"open","sticky":false,"template":"","format":"standard","meta":{"footnotes":""},"categories":[5],"tags":[],"class_list":["post-533","post","type-post","status-publish","format-standard","has-post-thumbnail","hentry","category-analyse-et-info"],"yoast_head":"<!-- This site is optimized with the Yoast SEO plugin v26.0 - https:\/\/yoast.com\/wordpress\/plugins\/seo\/ -->\n<title>Quel r\u00f4le pour l&#039;arm\u00e9e alg\u00e9rienne au Sahel? - Alg\u00e9rie Intelligence<\/title>\n<meta name=\"robots\" content=\"index, follow, max-snippet:-1, max-image-preview:large, max-video-preview:-1\" \/>\n<link rel=\"canonical\" href=\"https:\/\/algerieintelligence.com\/index.php\/2021\/06\/28\/quel-role-pour-larmee-algerienne-au-sahel\/\" \/>\n<meta property=\"og:locale\" content=\"fr_FR\" \/>\n<meta property=\"og:type\" content=\"article\" \/>\n<meta property=\"og:title\" content=\"Quel r\u00f4le pour l&#039;arm\u00e9e alg\u00e9rienne au Sahel? - Alg\u00e9rie Intelligence\" \/>\n<meta property=\"og:description\" content=\"Quel r\u00f4le pour l&rsquo;arm\u00e9e alg\u00e9rienne au Sahel? L&rsquo;Alg\u00e9rie de Tebboune s&rsquo;est enfin dot\u00e9e de sa premi\u00e8re institution \u00e9lue! L&rsquo;\u00c9tat alg\u00e9rien a en effet annonc\u00e9 les r\u00e9sultats des premi\u00e8res \u00e9lections l\u00e9gislatives de l&rsquo;\u00e8re post-Hirak et celles-ci ne font que confirmer le d\u00e9sint\u00e9r\u00eat g\u00e9n\u00e9ral de la population vis-\u00e0-vis de l&rsquo;agenda des autorit\u00e9s. Pour ne rien changer, le [&hellip;]\" \/>\n<meta property=\"og:url\" content=\"https:\/\/algerieintelligence.com\/index.php\/2021\/06\/28\/quel-role-pour-larmee-algerienne-au-sahel\/\" \/>\n<meta property=\"og:site_name\" content=\"Alg\u00e9rie Intelligence\" \/>\n<meta property=\"article:published_time\" content=\"2021-06-27T23:00:18+00:00\" \/>\n<meta property=\"article:modified_time\" content=\"2021-06-28T02:01:38+00:00\" \/>\n<meta property=\"og:image\" content=\"https:\/\/algerieintelligence.com\/wp-content\/uploads\/2021\/06\/Screenshot_20210627-184652_Gallery.jpg\" \/>\n\t<meta property=\"og:image:width\" content=\"1560\" \/>\n\t<meta property=\"og:image:height\" content=\"720\" \/>\n\t<meta property=\"og:image:type\" content=\"image\/jpeg\" \/>\n<meta name=\"author\" content=\"Redac\" \/>\n<meta name=\"twitter:card\" content=\"summary_large_image\" \/>\n<meta name=\"twitter:label1\" content=\"\u00c9crit par\" \/>\n\t<meta name=\"twitter:data1\" content=\"Redac\" \/>\n\t<meta name=\"twitter:label2\" content=\"Dur\u00e9e de lecture estim\u00e9e\" \/>\n\t<meta name=\"twitter:data2\" content=\"2 minutes\" \/>\n<script type=\"application\/ld+json\" class=\"yoast-schema-graph\">{\"@context\":\"https:\/\/schema.org\",\"@graph\":[{\"@type\":\"WebPage\",\"@id\":\"https:\/\/algerieintelligence.com\/index.php\/2021\/06\/28\/quel-role-pour-larmee-algerienne-au-sahel\/\",\"url\":\"https:\/\/algerieintelligence.com\/index.php\/2021\/06\/28\/quel-role-pour-larmee-algerienne-au-sahel\/\",\"name\":\"Quel r\u00f4le pour l'arm\u00e9e alg\u00e9rienne au Sahel? - Alg\u00e9rie Intelligence\",\"isPartOf\":{\"@id\":\"https:\/\/algerieintelligence.com\/#website\"},\"primaryImageOfPage\":{\"@id\":\"https:\/\/algerieintelligence.com\/index.php\/2021\/06\/28\/quel-role-pour-larmee-algerienne-au-sahel\/#primaryimage\"},\"image\":{\"@id\":\"https:\/\/algerieintelligence.com\/index.php\/2021\/06\/28\/quel-role-pour-larmee-algerienne-au-sahel\/#primaryimage\"},\"thumbnailUrl\":\"https:\/\/algerieintelligence.com\/wp-content\/uploads\/2021\/06\/Screenshot_20210627-184652_Gallery.jpg\",\"datePublished\":\"2021-06-27T23:00:18+00:00\",\"dateModified\":\"2021-06-28T02:01:38+00:00\",\"author\":{\"@id\":\"https:\/\/algerieintelligence.com\/#\/schema\/person\/c648b09662082cf8039362aa83d977b5\"},\"breadcrumb\":{\"@id\":\"https:\/\/algerieintelligence.com\/index.php\/2021\/06\/28\/quel-role-pour-larmee-algerienne-au-sahel\/#breadcrumb\"},\"inLanguage\":\"fr-FR\",\"potentialAction\":[{\"@type\":\"ReadAction\",\"target\":[\"https:\/\/algerieintelligence.com\/index.php\/2021\/06\/28\/quel-role-pour-larmee-algerienne-au-sahel\/\"]}]},{\"@type\":\"ImageObject\",\"inLanguage\":\"fr-FR\",\"@id\":\"https:\/\/algerieintelligence.com\/index.php\/2021\/06\/28\/quel-role-pour-larmee-algerienne-au-sahel\/#primaryimage\",\"url\":\"https:\/\/algerieintelligence.com\/wp-content\/uploads\/2021\/06\/Screenshot_20210627-184652_Gallery.jpg\",\"contentUrl\":\"https:\/\/algerieintelligence.com\/wp-content\/uploads\/2021\/06\/Screenshot_20210627-184652_Gallery.jpg\",\"width\":1560,\"height\":720},{\"@type\":\"BreadcrumbList\",\"@id\":\"https:\/\/algerieintelligence.com\/index.php\/2021\/06\/28\/quel-role-pour-larmee-algerienne-au-sahel\/#breadcrumb\",\"itemListElement\":[{\"@type\":\"ListItem\",\"position\":1,\"name\":\"Accueil\",\"item\":\"https:\/\/algerieintelligence.com\/\"},{\"@type\":\"ListItem\",\"position\":2,\"name\":\"Quel r\u00f4le pour l&rsquo;arm\u00e9e alg\u00e9rienne au Sahel?\"}]},{\"@type\":\"WebSite\",\"@id\":\"https:\/\/algerieintelligence.com\/#website\",\"url\":\"https:\/\/algerieintelligence.com\/\",\"name\":\"Alg\u00e9rie Intelligence\",\"description\":\"\",\"potentialAction\":[{\"@type\":\"SearchAction\",\"target\":{\"@type\":\"EntryPoint\",\"urlTemplate\":\"https:\/\/algerieintelligence.com\/?s={search_term_string}\"},\"query-input\":{\"@type\":\"PropertyValueSpecification\",\"valueRequired\":true,\"valueName\":\"search_term_string\"}}],\"inLanguage\":\"fr-FR\"},{\"@type\":\"Person\",\"@id\":\"https:\/\/algerieintelligence.com\/#\/schema\/person\/c648b09662082cf8039362aa83d977b5\",\"name\":\"Redac\",\"image\":{\"@type\":\"ImageObject\",\"inLanguage\":\"fr-FR\",\"@id\":\"https:\/\/algerieintelligence.com\/#\/schema\/person\/image\/\",\"url\":\"https:\/\/secure.gravatar.com\/avatar\/3e3f5b8d3962700be4db1c1605b3dd39f46197dd59d1ddf1f24234efad67103b?s=96&d=mm&r=g\",\"contentUrl\":\"https:\/\/secure.gravatar.com\/avatar\/3e3f5b8d3962700be4db1c1605b3dd39f46197dd59d1ddf1f24234efad67103b?s=96&d=mm&r=g\",\"caption\":\"Redac\"},\"sameAs\":[\"http:\/\/algerieintelligence.com\"]}]}<\/script>\n<!-- \/ Yoast SEO plugin. -->","yoast_head_json":{"title":"Quel r\u00f4le pour l'arm\u00e9e alg\u00e9rienne au Sahel? - Alg\u00e9rie Intelligence","robots":{"index":"index","follow":"follow","max-snippet":"max-snippet:-1","max-image-preview":"max-image-preview:large","max-video-preview":"max-video-preview:-1"},"canonical":"https:\/\/algerieintelligence.com\/index.php\/2021\/06\/28\/quel-role-pour-larmee-algerienne-au-sahel\/","og_locale":"fr_FR","og_type":"article","og_title":"Quel r\u00f4le pour l'arm\u00e9e alg\u00e9rienne au Sahel? - Alg\u00e9rie Intelligence","og_description":"Quel r\u00f4le pour l&rsquo;arm\u00e9e alg\u00e9rienne au Sahel? L&rsquo;Alg\u00e9rie de Tebboune s&rsquo;est enfin dot\u00e9e de sa premi\u00e8re institution \u00e9lue! L&rsquo;\u00c9tat alg\u00e9rien a en effet annonc\u00e9 les r\u00e9sultats des premi\u00e8res \u00e9lections l\u00e9gislatives de l&rsquo;\u00e8re post-Hirak et celles-ci ne font que confirmer le d\u00e9sint\u00e9r\u00eat g\u00e9n\u00e9ral de la population vis-\u00e0-vis de l&rsquo;agenda des autorit\u00e9s. Pour ne rien changer, le [&hellip;]","og_url":"https:\/\/algerieintelligence.com\/index.php\/2021\/06\/28\/quel-role-pour-larmee-algerienne-au-sahel\/","og_site_name":"Alg\u00e9rie Intelligence","article_published_time":"2021-06-27T23:00:18+00:00","article_modified_time":"2021-06-28T02:01:38+00:00","og_image":[{"width":1560,"height":720,"url":"https:\/\/algerieintelligence.com\/wp-content\/uploads\/2021\/06\/Screenshot_20210627-184652_Gallery.jpg","type":"image\/jpeg"}],"author":"Redac","twitter_card":"summary_large_image","twitter_misc":{"\u00c9crit par":"Redac","Dur\u00e9e de lecture estim\u00e9e":"2 minutes"},"schema":{"@context":"https:\/\/schema.org","@graph":[{"@type":"WebPage","@id":"https:\/\/algerieintelligence.com\/index.php\/2021\/06\/28\/quel-role-pour-larmee-algerienne-au-sahel\/","url":"https:\/\/algerieintelligence.com\/index.php\/2021\/06\/28\/quel-role-pour-larmee-algerienne-au-sahel\/","name":"Quel r\u00f4le pour l'arm\u00e9e alg\u00e9rienne au Sahel? - Alg\u00e9rie Intelligence","isPartOf":{"@id":"https:\/\/algerieintelligence.com\/#website"},"primaryImageOfPage":{"@id":"https:\/\/algerieintelligence.com\/index.php\/2021\/06\/28\/quel-role-pour-larmee-algerienne-au-sahel\/#primaryimage"},"image":{"@id":"https:\/\/algerieintelligence.com\/index.php\/2021\/06\/28\/quel-role-pour-larmee-algerienne-au-sahel\/#primaryimage"},"thumbnailUrl":"https:\/\/algerieintelligence.com\/wp-content\/uploads\/2021\/06\/Screenshot_20210627-184652_Gallery.jpg","datePublished":"2021-06-27T23:00:18+00:00","dateModified":"2021-06-28T02:01:38+00:00","author":{"@id":"https:\/\/algerieintelligence.com\/#\/schema\/person\/c648b09662082cf8039362aa83d977b5"},"breadcrumb":{"@id":"https:\/\/algerieintelligence.com\/index.php\/2021\/06\/28\/quel-role-pour-larmee-algerienne-au-sahel\/#breadcrumb"},"inLanguage":"fr-FR","potentialAction":[{"@type":"ReadAction","target":["https:\/\/algerieintelligence.com\/index.php\/2021\/06\/28\/quel-role-pour-larmee-algerienne-au-sahel\/"]}]},{"@type":"ImageObject","inLanguage":"fr-FR","@id":"https:\/\/algerieintelligence.com\/index.php\/2021\/06\/28\/quel-role-pour-larmee-algerienne-au-sahel\/#primaryimage","url":"https:\/\/algerieintelligence.com\/wp-content\/uploads\/2021\/06\/Screenshot_20210627-184652_Gallery.jpg","contentUrl":"https:\/\/algerieintelligence.com\/wp-content\/uploads\/2021\/06\/Screenshot_20210627-184652_Gallery.jpg","width":1560,"height":720},{"@type":"BreadcrumbList","@id":"https:\/\/algerieintelligence.com\/index.php\/2021\/06\/28\/quel-role-pour-larmee-algerienne-au-sahel\/#breadcrumb","itemListElement":[{"@type":"ListItem","position":1,"name":"Accueil","item":"https:\/\/algerieintelligence.com\/"},{"@type":"ListItem","position":2,"name":"Quel r\u00f4le pour l&rsquo;arm\u00e9e alg\u00e9rienne au Sahel?"}]},{"@type":"WebSite","@id":"https:\/\/algerieintelligence.com\/#website","url":"https:\/\/algerieintelligence.com\/","name":"Alg\u00e9rie Intelligence","description":"","potentialAction":[{"@type":"SearchAction","target":{"@type":"EntryPoint","urlTemplate":"https:\/\/algerieintelligence.com\/?s={search_term_string}"},"query-input":{"@type":"PropertyValueSpecification","valueRequired":true,"valueName":"search_term_string"}}],"inLanguage":"fr-FR"},{"@type":"Person","@id":"https:\/\/algerieintelligence.com\/#\/schema\/person\/c648b09662082cf8039362aa83d977b5","name":"Redac","image":{"@type":"ImageObject","inLanguage":"fr-FR","@id":"https:\/\/algerieintelligence.com\/#\/schema\/person\/image\/","url":"https:\/\/secure.gravatar.com\/avatar\/3e3f5b8d3962700be4db1c1605b3dd39f46197dd59d1ddf1f24234efad67103b?s=96&d=mm&r=g","contentUrl":"https:\/\/secure.gravatar.com\/avatar\/3e3f5b8d3962700be4db1c1605b3dd39f46197dd59d1ddf1f24234efad67103b?s=96&d=mm&r=g","caption":"Redac"},"sameAs":["http:\/\/algerieintelligence.com"]}]}},"_links":{"self":[{"href":"https:\/\/algerieintelligence.com\/index.php\/wp-json\/wp\/v2\/posts\/533","targetHints":{"allow":["GET"]}}],"collection":[{"href":"https:\/\/algerieintelligence.com\/index.php\/wp-json\/wp\/v2\/posts"}],"about":[{"href":"https:\/\/algerieintelligence.com\/index.php\/wp-json\/wp\/v2\/types\/post"}],"author":[{"embeddable":true,"href":"https:\/\/algerieintelligence.com\/index.php\/wp-json\/wp\/v2\/users\/2"}],"replies":[{"embeddable":true,"href":"https:\/\/algerieintelligence.com\/index.php\/wp-json\/wp\/v2\/comments?post=533"}],"version-history":[{"count":10,"href":"https:\/\/algerieintelligence.com\/index.php\/wp-json\/wp\/v2\/posts\/533\/revisions"}],"predecessor-version":[{"id":545,"href":"https:\/\/algerieintelligence.com\/index.php\/wp-json\/wp\/v2\/posts\/533\/revisions\/545"}],"wp:featuredmedia":[{"embeddable":true,"href":"https:\/\/algerieintelligence.com\/index.php\/wp-json\/wp\/v2\/media\/534"}],"wp:attachment":[{"href":"https:\/\/algerieintelligence.com\/index.php\/wp-json\/wp\/v2\/media?parent=533"}],"wp:term":[{"taxonomy":"category","embeddable":true,"href":"https:\/\/algerieintelligence.com\/index.php\/wp-json\/wp\/v2\/categories?post=533"},{"taxonomy":"post_tag","embeddable":true,"href":"https:\/\/algerieintelligence.com\/index.php\/wp-json\/wp\/v2\/tags?post=533"}],"curies":[{"name":"wp","href":"https:\/\/api.w.org\/{rel}","templated":true}]}}