{"id":494,"date":"2021-05-07T23:19:57","date_gmt":"2021-05-07T22:19:57","guid":{"rendered":"https:\/\/algerieintelligence.com\/?p=494"},"modified":"2021-05-07T23:26:04","modified_gmt":"2021-05-07T22:26:04","slug":"notre-site-lavait-predit-le-maroc-fache-contre-lallemagne","status":"publish","type":"post","link":"https:\/\/algerieintelligence.com\/index.php\/2021\/05\/07\/notre-site-lavait-predit-le-maroc-fache-contre-lallemagne\/","title":{"rendered":"Notre site l&rsquo;avait pr\u00e9dit : Le Maroc f\u00e2ch\u00e9 contre l&rsquo;Allemagne"},"content":{"rendered":"\n<div class=\"wp-block-group\"><div class=\"wp-block-group__inner-container is-layout-flow wp-block-group-is-layout-flow\">\n<h2 class=\"has-text-color wp-block-heading\" style=\"color:#ba0c49;font-size:38px\">Notre site l&rsquo;avait pr\u00e9dit : Le Maroc f\u00e2ch\u00e9 contre l&rsquo;Allemagne<\/h2>\n\n\n\n<div class=\"wp-block-columns is-layout-flex wp-container-core-columns-is-layout-9d6595d7 wp-block-columns-is-layout-flex\">\n<div class=\"wp-block-column is-layout-flow wp-block-column-is-layout-flow\">\n<p style=\"font-size:18px\">Nous l&rsquo;avions annonc\u00e9 en exclusivit\u00e9 dans un pr\u00e9c\u00e9dent article : Les autorit\u00e9s allemandes n&rsquo;ont pas du tout appr\u00e9ci\u00e9 les manigances diplomatiques entre le Royaume du Maroc et l&rsquo;administration Trump autour de la question du Sahara occidental. Les allemands consid\u00e8rent que la reconnaissance am\u00e9ricaine de la souverainet\u00e9 du Maroc sur le territoire du Sahara occidental est un \u00e9l\u00e9ment dangereux pour la stabilit\u00e9 et la s\u00e9curit\u00e9 en Afrique du Nord, une r\u00e9gion qui fait face g\u00e9ographiquement \u00e0 l&rsquo;Europe. L&rsquo;Allemagne ne veut pas de l&rsquo;\u00e9mergence d&rsquo;un second conflit majeur alors que celui en Libye peine encore \u00e0 \u00eatre r\u00e9solu. Une guerre ouverte entre deux pays aussi peupl\u00e9s que l&rsquo;Alg\u00e9rie et le  Maroc pr\u00e9cipiterait toute la r\u00e9gion du Maghreb dans le chaos et provoquerait une \u00ab\u00a0crise migratoire\u00a0\u00bb que les Europ\u00e9ens n&rsquo;arriveraient pas \u00e0 juguler.<\/p>\n<\/div>\n\n\n\n<div class=\"wp-block-column is-layout-flow wp-block-column-is-layout-flow\">\n<p style=\"font-size:18px\">L&rsquo;Union europ\u00e9enne est encore traumatis\u00e9e par la \u00ab\u00a0crise migratoire\u00a0\u00bb provoqu\u00e9e par la guerre en Syrie et l&rsquo;Allemagne, pays leader de L&rsquo;Union, juge que l&rsquo;Europe n&rsquo;a pas les moyens de faire face \u00e0 un autre conflit qui se d\u00e9roulerait, cette fois, \u00e0 quelques dizaines de kilom\u00e8tres des c\u00f4tes espagnoles. Le Maroc a donc d\u00e9cid\u00e9 de rappeler son ambassadeur \u00e0 Berlin jugeant que l&rsquo;Allemagne \u00e9tait trop proche des positions alg\u00e9riennes concernant la question du Sahara mais aussi concernant la Libye. La diplomatie marocaine se plaint en effet de ne pas \u00eatre soutenue par l&rsquo;Allemagne dans ses efforts de stabilisation de la Libye. En r\u00e9alit\u00e9, les autorit\u00e9s allemandes ont surtout compris que le Maroc utilisait la crise libyenne pour briller sur la sc\u00e8ne internationale. L&rsquo;Allemagne aurait ainsi privil\u00e9gi\u00e9 le pragmatisme de la position alg\u00e9rienne plut\u00f4t que l&rsquo;activisme vain de la diplomatie marocaine.<\/p>\n<\/div>\n<\/div>\n<\/div><\/div>\n","protected":false},"excerpt":{"rendered":"<p>Notre site l&rsquo;avait pr\u00e9dit : Le Maroc f\u00e2ch\u00e9 contre l&rsquo;Allemagne Nous l&rsquo;avions annonc\u00e9 en exclusivit\u00e9 dans un pr\u00e9c\u00e9dent article : Les autorit\u00e9s allemandes n&rsquo;ont pas du tout appr\u00e9ci\u00e9 les manigances diplomatiques entre le Royaume du Maroc et l&rsquo;administration Trump autour de la question du Sahara occidental. Les allemands consid\u00e8rent que la reconnaissance am\u00e9ricaine de la [&hellip;]<\/p>\n","protected":false},"author":2,"featured_media":495,"comment_status":"open","ping_status":"open","sticky":false,"template":"","format":"standard","meta":{"footnotes":""},"categories":[8],"tags":[],"class_list":["post-494","post","type-post","status-publish","format-standard","has-post-thumbnail","hentry","category-international"],"yoast_head":"<!-- This site is optimized with the Yoast SEO plugin v26.0 - https:\/\/yoast.com\/wordpress\/plugins\/seo\/ -->\n<title>Notre site l&#039;avait pr\u00e9dit : Le Maroc f\u00e2ch\u00e9 contre l&#039;Allemagne - Alg\u00e9rie Intelligence<\/title>\n<meta name=\"robots\" content=\"index, follow, max-snippet:-1, max-image-preview:large, max-video-preview:-1\" \/>\n<link rel=\"canonical\" href=\"https:\/\/algerieintelligence.com\/index.php\/2021\/05\/07\/notre-site-lavait-predit-le-maroc-fache-contre-lallemagne\/\" \/>\n<meta property=\"og:locale\" content=\"fr_FR\" \/>\n<meta property=\"og:type\" content=\"article\" \/>\n<meta property=\"og:title\" content=\"Notre site l&#039;avait pr\u00e9dit : Le Maroc f\u00e2ch\u00e9 contre l&#039;Allemagne - Alg\u00e9rie Intelligence\" \/>\n<meta property=\"og:description\" content=\"Notre site l&rsquo;avait pr\u00e9dit : Le Maroc f\u00e2ch\u00e9 contre l&rsquo;Allemagne Nous l&rsquo;avions annonc\u00e9 en exclusivit\u00e9 dans un pr\u00e9c\u00e9dent article : Les autorit\u00e9s allemandes n&rsquo;ont pas du tout appr\u00e9ci\u00e9 les manigances diplomatiques entre le Royaume du Maroc et l&rsquo;administration Trump autour de la question du Sahara occidental. Les allemands consid\u00e8rent que la reconnaissance am\u00e9ricaine de la [&hellip;]\" \/>\n<meta property=\"og:url\" content=\"https:\/\/algerieintelligence.com\/index.php\/2021\/05\/07\/notre-site-lavait-predit-le-maroc-fache-contre-lallemagne\/\" \/>\n<meta property=\"og:site_name\" content=\"Alg\u00e9rie Intelligence\" \/>\n<meta property=\"article:published_time\" content=\"2021-05-07T22:19:57+00:00\" \/>\n<meta property=\"article:modified_time\" content=\"2021-05-07T22:26:04+00:00\" \/>\n<meta property=\"og:image\" content=\"https:\/\/algerieintelligence.com\/wp-content\/uploads\/2021\/05\/maroc-allemagne-835x430-1.jpg\" \/>\n\t<meta property=\"og:image:width\" content=\"1553\" \/>\n\t<meta property=\"og:image:height\" content=\"800\" \/>\n\t<meta property=\"og:image:type\" content=\"image\/jpeg\" \/>\n<meta name=\"author\" content=\"Redac\" \/>\n<meta name=\"twitter:card\" content=\"summary_large_image\" \/>\n<meta name=\"twitter:label1\" content=\"\u00c9crit par\" \/>\n\t<meta name=\"twitter:data1\" content=\"Redac\" \/>\n\t<meta name=\"twitter:label2\" content=\"Dur\u00e9e de lecture estim\u00e9e\" \/>\n\t<meta name=\"twitter:data2\" content=\"2 minutes\" \/>\n<script type=\"application\/ld+json\" class=\"yoast-schema-graph\">{\"@context\":\"https:\/\/schema.org\",\"@graph\":[{\"@type\":\"WebPage\",\"@id\":\"https:\/\/algerieintelligence.com\/index.php\/2021\/05\/07\/notre-site-lavait-predit-le-maroc-fache-contre-lallemagne\/\",\"url\":\"https:\/\/algerieintelligence.com\/index.php\/2021\/05\/07\/notre-site-lavait-predit-le-maroc-fache-contre-lallemagne\/\",\"name\":\"Notre site l'avait pr\u00e9dit : Le Maroc f\u00e2ch\u00e9 contre l'Allemagne - Alg\u00e9rie Intelligence\",\"isPartOf\":{\"@id\":\"https:\/\/algerieintelligence.com\/#website\"},\"primaryImageOfPage\":{\"@id\":\"https:\/\/algerieintelligence.com\/index.php\/2021\/05\/07\/notre-site-lavait-predit-le-maroc-fache-contre-lallemagne\/#primaryimage\"},\"image\":{\"@id\":\"https:\/\/algerieintelligence.com\/index.php\/2021\/05\/07\/notre-site-lavait-predit-le-maroc-fache-contre-lallemagne\/#primaryimage\"},\"thumbnailUrl\":\"https:\/\/algerieintelligence.com\/wp-content\/uploads\/2021\/05\/maroc-allemagne-835x430-1.jpg\",\"datePublished\":\"2021-05-07T22:19:57+00:00\",\"dateModified\":\"2021-05-07T22:26:04+00:00\",\"author\":{\"@id\":\"https:\/\/algerieintelligence.com\/#\/schema\/person\/c648b09662082cf8039362aa83d977b5\"},\"breadcrumb\":{\"@id\":\"https:\/\/algerieintelligence.com\/index.php\/2021\/05\/07\/notre-site-lavait-predit-le-maroc-fache-contre-lallemagne\/#breadcrumb\"},\"inLanguage\":\"fr-FR\",\"potentialAction\":[{\"@type\":\"ReadAction\",\"target\":[\"https:\/\/algerieintelligence.com\/index.php\/2021\/05\/07\/notre-site-lavait-predit-le-maroc-fache-contre-lallemagne\/\"]}]},{\"@type\":\"ImageObject\",\"inLanguage\":\"fr-FR\",\"@id\":\"https:\/\/algerieintelligence.com\/index.php\/2021\/05\/07\/notre-site-lavait-predit-le-maroc-fache-contre-lallemagne\/#primaryimage\",\"url\":\"https:\/\/algerieintelligence.com\/wp-content\/uploads\/2021\/05\/maroc-allemagne-835x430-1.jpg\",\"contentUrl\":\"https:\/\/algerieintelligence.com\/wp-content\/uploads\/2021\/05\/maroc-allemagne-835x430-1.jpg\",\"width\":1553,\"height\":800},{\"@type\":\"BreadcrumbList\",\"@id\":\"https:\/\/algerieintelligence.com\/index.php\/2021\/05\/07\/notre-site-lavait-predit-le-maroc-fache-contre-lallemagne\/#breadcrumb\",\"itemListElement\":[{\"@type\":\"ListItem\",\"position\":1,\"name\":\"Accueil\",\"item\":\"https:\/\/algerieintelligence.com\/\"},{\"@type\":\"ListItem\",\"position\":2,\"name\":\"Notre site l&rsquo;avait pr\u00e9dit : Le Maroc f\u00e2ch\u00e9 contre l&rsquo;Allemagne\"}]},{\"@type\":\"WebSite\",\"@id\":\"https:\/\/algerieintelligence.com\/#website\",\"url\":\"https:\/\/algerieintelligence.com\/\",\"name\":\"Alg\u00e9rie Intelligence\",\"description\":\"\",\"potentialAction\":[{\"@type\":\"SearchAction\",\"target\":{\"@type\":\"EntryPoint\",\"urlTemplate\":\"https:\/\/algerieintelligence.com\/?s={search_term_string}\"},\"query-input\":{\"@type\":\"PropertyValueSpecification\",\"valueRequired\":true,\"valueName\":\"search_term_string\"}}],\"inLanguage\":\"fr-FR\"},{\"@type\":\"Person\",\"@id\":\"https:\/\/algerieintelligence.com\/#\/schema\/person\/c648b09662082cf8039362aa83d977b5\",\"name\":\"Redac\",\"image\":{\"@type\":\"ImageObject\",\"inLanguage\":\"fr-FR\",\"@id\":\"https:\/\/algerieintelligence.com\/#\/schema\/person\/image\/\",\"url\":\"https:\/\/secure.gravatar.com\/avatar\/3e3f5b8d3962700be4db1c1605b3dd39f46197dd59d1ddf1f24234efad67103b?s=96&d=mm&r=g\",\"contentUrl\":\"https:\/\/secure.gravatar.com\/avatar\/3e3f5b8d3962700be4db1c1605b3dd39f46197dd59d1ddf1f24234efad67103b?s=96&d=mm&r=g\",\"caption\":\"Redac\"},\"sameAs\":[\"http:\/\/algerieintelligence.com\"]}]}<\/script>\n<!-- \/ Yoast SEO plugin. -->","yoast_head_json":{"title":"Notre site l'avait pr\u00e9dit : Le Maroc f\u00e2ch\u00e9 contre l'Allemagne - Alg\u00e9rie Intelligence","robots":{"index":"index","follow":"follow","max-snippet":"max-snippet:-1","max-image-preview":"max-image-preview:large","max-video-preview":"max-video-preview:-1"},"canonical":"https:\/\/algerieintelligence.com\/index.php\/2021\/05\/07\/notre-site-lavait-predit-le-maroc-fache-contre-lallemagne\/","og_locale":"fr_FR","og_type":"article","og_title":"Notre site l'avait pr\u00e9dit : Le Maroc f\u00e2ch\u00e9 contre l'Allemagne - Alg\u00e9rie Intelligence","og_description":"Notre site l&rsquo;avait pr\u00e9dit : Le Maroc f\u00e2ch\u00e9 contre l&rsquo;Allemagne Nous l&rsquo;avions annonc\u00e9 en exclusivit\u00e9 dans un pr\u00e9c\u00e9dent article : Les autorit\u00e9s allemandes n&rsquo;ont pas du tout appr\u00e9ci\u00e9 les manigances diplomatiques entre le Royaume du Maroc et l&rsquo;administration Trump autour de la question du Sahara occidental. Les allemands consid\u00e8rent que la reconnaissance am\u00e9ricaine de la [&hellip;]","og_url":"https:\/\/algerieintelligence.com\/index.php\/2021\/05\/07\/notre-site-lavait-predit-le-maroc-fache-contre-lallemagne\/","og_site_name":"Alg\u00e9rie Intelligence","article_published_time":"2021-05-07T22:19:57+00:00","article_modified_time":"2021-05-07T22:26:04+00:00","og_image":[{"width":1553,"height":800,"url":"https:\/\/algerieintelligence.com\/wp-content\/uploads\/2021\/05\/maroc-allemagne-835x430-1.jpg","type":"image\/jpeg"}],"author":"Redac","twitter_card":"summary_large_image","twitter_misc":{"\u00c9crit par":"Redac","Dur\u00e9e de lecture estim\u00e9e":"2 minutes"},"schema":{"@context":"https:\/\/schema.org","@graph":[{"@type":"WebPage","@id":"https:\/\/algerieintelligence.com\/index.php\/2021\/05\/07\/notre-site-lavait-predit-le-maroc-fache-contre-lallemagne\/","url":"https:\/\/algerieintelligence.com\/index.php\/2021\/05\/07\/notre-site-lavait-predit-le-maroc-fache-contre-lallemagne\/","name":"Notre site l'avait pr\u00e9dit : Le Maroc f\u00e2ch\u00e9 contre l'Allemagne - Alg\u00e9rie Intelligence","isPartOf":{"@id":"https:\/\/algerieintelligence.com\/#website"},"primaryImageOfPage":{"@id":"https:\/\/algerieintelligence.com\/index.php\/2021\/05\/07\/notre-site-lavait-predit-le-maroc-fache-contre-lallemagne\/#primaryimage"},"image":{"@id":"https:\/\/algerieintelligence.com\/index.php\/2021\/05\/07\/notre-site-lavait-predit-le-maroc-fache-contre-lallemagne\/#primaryimage"},"thumbnailUrl":"https:\/\/algerieintelligence.com\/wp-content\/uploads\/2021\/05\/maroc-allemagne-835x430-1.jpg","datePublished":"2021-05-07T22:19:57+00:00","dateModified":"2021-05-07T22:26:04+00:00","author":{"@id":"https:\/\/algerieintelligence.com\/#\/schema\/person\/c648b09662082cf8039362aa83d977b5"},"breadcrumb":{"@id":"https:\/\/algerieintelligence.com\/index.php\/2021\/05\/07\/notre-site-lavait-predit-le-maroc-fache-contre-lallemagne\/#breadcrumb"},"inLanguage":"fr-FR","potentialAction":[{"@type":"ReadAction","target":["https:\/\/algerieintelligence.com\/index.php\/2021\/05\/07\/notre-site-lavait-predit-le-maroc-fache-contre-lallemagne\/"]}]},{"@type":"ImageObject","inLanguage":"fr-FR","@id":"https:\/\/algerieintelligence.com\/index.php\/2021\/05\/07\/notre-site-lavait-predit-le-maroc-fache-contre-lallemagne\/#primaryimage","url":"https:\/\/algerieintelligence.com\/wp-content\/uploads\/2021\/05\/maroc-allemagne-835x430-1.jpg","contentUrl":"https:\/\/algerieintelligence.com\/wp-content\/uploads\/2021\/05\/maroc-allemagne-835x430-1.jpg","width":1553,"height":800},{"@type":"BreadcrumbList","@id":"https:\/\/algerieintelligence.com\/index.php\/2021\/05\/07\/notre-site-lavait-predit-le-maroc-fache-contre-lallemagne\/#breadcrumb","itemListElement":[{"@type":"ListItem","position":1,"name":"Accueil","item":"https:\/\/algerieintelligence.com\/"},{"@type":"ListItem","position":2,"name":"Notre site l&rsquo;avait pr\u00e9dit : Le Maroc f\u00e2ch\u00e9 contre l&rsquo;Allemagne"}]},{"@type":"WebSite","@id":"https:\/\/algerieintelligence.com\/#website","url":"https:\/\/algerieintelligence.com\/","name":"Alg\u00e9rie Intelligence","description":"","potentialAction":[{"@type":"SearchAction","target":{"@type":"EntryPoint","urlTemplate":"https:\/\/algerieintelligence.com\/?s={search_term_string}"},"query-input":{"@type":"PropertyValueSpecification","valueRequired":true,"valueName":"search_term_string"}}],"inLanguage":"fr-FR"},{"@type":"Person","@id":"https:\/\/algerieintelligence.com\/#\/schema\/person\/c648b09662082cf8039362aa83d977b5","name":"Redac","image":{"@type":"ImageObject","inLanguage":"fr-FR","@id":"https:\/\/algerieintelligence.com\/#\/schema\/person\/image\/","url":"https:\/\/secure.gravatar.com\/avatar\/3e3f5b8d3962700be4db1c1605b3dd39f46197dd59d1ddf1f24234efad67103b?s=96&d=mm&r=g","contentUrl":"https:\/\/secure.gravatar.com\/avatar\/3e3f5b8d3962700be4db1c1605b3dd39f46197dd59d1ddf1f24234efad67103b?s=96&d=mm&r=g","caption":"Redac"},"sameAs":["http:\/\/algerieintelligence.com"]}]}},"_links":{"self":[{"href":"https:\/\/algerieintelligence.com\/index.php\/wp-json\/wp\/v2\/posts\/494","targetHints":{"allow":["GET"]}}],"collection":[{"href":"https:\/\/algerieintelligence.com\/index.php\/wp-json\/wp\/v2\/posts"}],"about":[{"href":"https:\/\/algerieintelligence.com\/index.php\/wp-json\/wp\/v2\/types\/post"}],"author":[{"embeddable":true,"href":"https:\/\/algerieintelligence.com\/index.php\/wp-json\/wp\/v2\/users\/2"}],"replies":[{"embeddable":true,"href":"https:\/\/algerieintelligence.com\/index.php\/wp-json\/wp\/v2\/comments?post=494"}],"version-history":[{"count":3,"href":"https:\/\/algerieintelligence.com\/index.php\/wp-json\/wp\/v2\/posts\/494\/revisions"}],"predecessor-version":[{"id":498,"href":"https:\/\/algerieintelligence.com\/index.php\/wp-json\/wp\/v2\/posts\/494\/revisions\/498"}],"wp:featuredmedia":[{"embeddable":true,"href":"https:\/\/algerieintelligence.com\/index.php\/wp-json\/wp\/v2\/media\/495"}],"wp:attachment":[{"href":"https:\/\/algerieintelligence.com\/index.php\/wp-json\/wp\/v2\/media?parent=494"}],"wp:term":[{"taxonomy":"category","embeddable":true,"href":"https:\/\/algerieintelligence.com\/index.php\/wp-json\/wp\/v2\/categories?post=494"},{"taxonomy":"post_tag","embeddable":true,"href":"https:\/\/algerieintelligence.com\/index.php\/wp-json\/wp\/v2\/tags?post=494"}],"curies":[{"name":"wp","href":"https:\/\/api.w.org\/{rel}","templated":true}]}}