{"id":414,"date":"2021-03-09T19:13:40","date_gmt":"2021-03-09T18:13:40","guid":{"rendered":"https:\/\/algerieintelligence.com\/?p=414"},"modified":"2021-03-10T16:52:43","modified_gmt":"2021-03-10T15:52:43","slug":"hirak-a-quand-la-politique-repressive","status":"publish","type":"post","link":"https:\/\/algerieintelligence.com\/index.php\/2021\/03\/09\/hirak-a-quand-la-politique-repressive\/","title":{"rendered":"R\u00e9pression envers le Hirak: Jusqu&rsquo;\u00e0 quand ?"},"content":{"rendered":"\n<div class=\"wp-block-group\"><div class=\"wp-block-group__inner-container is-layout-flow wp-block-group-is-layout-flow\">\n<h2 class=\"has-text-color wp-block-heading\" style=\"color:#ba0c49;font-size:38px\">R\u00e9pression envers le Hirak: Jusqu&rsquo;\u00e0 quand?<\/h2>\n\n\n\n<div class=\"wp-block-columns is-layout-flex wp-container-core-columns-is-layout-9d6595d7 wp-block-columns-is-layout-flex\">\n<div class=\"wp-block-column is-layout-flow wp-block-column-is-layout-flow\">\n<p style=\"font-size:18px\">Le mois de f\u00e9vrier 2021 a \u00e9t\u00e9 marqu\u00e9 par le retour en force du Hirak au moment o\u00f9 l&rsquo;Alg\u00e9rie commence \u00e0 souffrir s\u00e9rieusement des effets de la pand\u00e9mie. Les Alg\u00e9riens reprennent ainsi leurs rendez-vous du vendredi avec la m\u00eame ferveur et surtout avec le m\u00eame pacifisme qui a caract\u00e9ris\u00e9 ce mouvement civilis\u00e9 auquel ils ont donn\u00e9 une vie et un sens. Deux ans nous s\u00e9parent maintenant de f\u00e9vrier 2019 et les choses ne semblent pas changer comme le souhaiterait la rue qui r\u00e9clame toujours cette rupture radicale avec le \u00ab\u00a0syst\u00e8me\u00a0\u00bb. Une rupture que l&rsquo;\u00c9tat alg\u00e9rien a du mal \u00e0 envisager \u00e9tant donn\u00e9 la r\u00e9pression toujours aussi aveugle qui s&rsquo;abat sur des manifestants pourtant pacifiques.<\/p>\n<\/div>\n\n\n\n<div class=\"wp-block-column is-layout-flow wp-block-column-is-layout-flow\">\n<p style=\"font-size:18px\">Cette r\u00e9pression ne fait qu&rsquo;accentuer l&rsquo;impression chez les Alg\u00e9riens selon laquelle rien n&rsquo;a chang\u00e9 au niveau de ceux qui d\u00e9tiennent le pouvoir. Les m\u00eames pratiques autoritaires continuent d&rsquo;\u00eatre exerc\u00e9es contre la population et la question se pose sur la direction qu&#8217;emprunte un \u00c9tat cens\u00e9 garantir le respect, la justice et la dignit\u00e9 \u00e0 ses citoyens. Comment est-ce qu&rsquo;il est possible que des accusations de torture soient formul\u00e9es aujourd&rsquo;hui alors que l&rsquo;on parle de l&rsquo;av\u00e8nement de la \u00ab\u00a0Nouvelle Alg\u00e9rie\u00a0\u00bb ? Malheureusement, rien n&rsquo;est r\u00e9ellement nouveau dans le paysage actuel et ceux qui d\u00e9tiennent le pouvoir doivent maintenant changer de politique face \u00e0 des Alg\u00e9riens plus  fatigu\u00e9s que jamais.<\/p>\n<\/div>\n<\/div>\n<\/div><\/div>\n\n\n\n<p>(Cr\u00e9dits photo : AFP)<\/p>\n","protected":false},"excerpt":{"rendered":"<p>R\u00e9pression envers le Hirak: Jusqu&rsquo;\u00e0 quand? Le mois de f\u00e9vrier 2021 a \u00e9t\u00e9 marqu\u00e9 par le retour en force du Hirak au moment o\u00f9 l&rsquo;Alg\u00e9rie commence \u00e0 souffrir s\u00e9rieusement des effets de la pand\u00e9mie. Les Alg\u00e9riens reprennent ainsi leurs rendez-vous du vendredi avec la m\u00eame ferveur et surtout avec le m\u00eame pacifisme qui a caract\u00e9ris\u00e9 [&hellip;]<\/p>\n","protected":false},"author":2,"featured_media":415,"comment_status":"open","ping_status":"open","sticky":false,"template":"","format":"standard","meta":{"footnotes":""},"categories":[5],"tags":[],"class_list":["post-414","post","type-post","status-publish","format-standard","has-post-thumbnail","hentry","category-analyse-et-info"],"yoast_head":"<!-- This site is optimized with the Yoast SEO plugin v26.0 - https:\/\/yoast.com\/wordpress\/plugins\/seo\/ -->\n<title>R\u00e9pression envers le Hirak: Jusqu&#039;\u00e0 quand ? - Alg\u00e9rie Intelligence<\/title>\n<meta name=\"robots\" content=\"index, follow, max-snippet:-1, max-image-preview:large, max-video-preview:-1\" \/>\n<link rel=\"canonical\" href=\"https:\/\/algerieintelligence.com\/index.php\/2021\/03\/09\/hirak-a-quand-la-politique-repressive\/\" \/>\n<meta property=\"og:locale\" content=\"fr_FR\" \/>\n<meta property=\"og:type\" content=\"article\" \/>\n<meta property=\"og:title\" content=\"R\u00e9pression envers le Hirak: Jusqu&#039;\u00e0 quand ? - Alg\u00e9rie Intelligence\" \/>\n<meta property=\"og:description\" content=\"R\u00e9pression envers le Hirak: Jusqu&rsquo;\u00e0 quand? Le mois de f\u00e9vrier 2021 a \u00e9t\u00e9 marqu\u00e9 par le retour en force du Hirak au moment o\u00f9 l&rsquo;Alg\u00e9rie commence \u00e0 souffrir s\u00e9rieusement des effets de la pand\u00e9mie. Les Alg\u00e9riens reprennent ainsi leurs rendez-vous du vendredi avec la m\u00eame ferveur et surtout avec le m\u00eame pacifisme qui a caract\u00e9ris\u00e9 [&hellip;]\" \/>\n<meta property=\"og:url\" content=\"https:\/\/algerieintelligence.com\/index.php\/2021\/03\/09\/hirak-a-quand-la-politique-repressive\/\" \/>\n<meta property=\"og:site_name\" content=\"Alg\u00e9rie Intelligence\" \/>\n<meta property=\"article:published_time\" content=\"2021-03-09T18:13:40+00:00\" \/>\n<meta property=\"article:modified_time\" content=\"2021-03-10T15:52:43+00:00\" \/>\n<meta property=\"og:image\" content=\"https:\/\/algerieintelligence.com\/wp-content\/uploads\/2021\/03\/c5f5f780-80d6-11eb-829f-413e6182c894_ORIGINAL.jpg\" \/>\n\t<meta property=\"og:image:width\" content=\"720\" \/>\n\t<meta property=\"og:image:height\" content=\"480\" \/>\n\t<meta property=\"og:image:type\" content=\"image\/jpeg\" \/>\n<meta name=\"author\" content=\"Redac\" \/>\n<meta name=\"twitter:card\" content=\"summary_large_image\" \/>\n<meta name=\"twitter:label1\" content=\"\u00c9crit par\" \/>\n\t<meta name=\"twitter:data1\" content=\"Redac\" \/>\n\t<meta name=\"twitter:label2\" content=\"Dur\u00e9e de lecture estim\u00e9e\" \/>\n\t<meta name=\"twitter:data2\" content=\"2 minutes\" \/>\n<script type=\"application\/ld+json\" class=\"yoast-schema-graph\">{\"@context\":\"https:\/\/schema.org\",\"@graph\":[{\"@type\":\"WebPage\",\"@id\":\"https:\/\/algerieintelligence.com\/index.php\/2021\/03\/09\/hirak-a-quand-la-politique-repressive\/\",\"url\":\"https:\/\/algerieintelligence.com\/index.php\/2021\/03\/09\/hirak-a-quand-la-politique-repressive\/\",\"name\":\"R\u00e9pression envers le Hirak: Jusqu'\u00e0 quand ? - Alg\u00e9rie Intelligence\",\"isPartOf\":{\"@id\":\"https:\/\/algerieintelligence.com\/#website\"},\"primaryImageOfPage\":{\"@id\":\"https:\/\/algerieintelligence.com\/index.php\/2021\/03\/09\/hirak-a-quand-la-politique-repressive\/#primaryimage\"},\"image\":{\"@id\":\"https:\/\/algerieintelligence.com\/index.php\/2021\/03\/09\/hirak-a-quand-la-politique-repressive\/#primaryimage\"},\"thumbnailUrl\":\"https:\/\/algerieintelligence.com\/wp-content\/uploads\/2021\/03\/c5f5f780-80d6-11eb-829f-413e6182c894_ORIGINAL.jpg\",\"datePublished\":\"2021-03-09T18:13:40+00:00\",\"dateModified\":\"2021-03-10T15:52:43+00:00\",\"author\":{\"@id\":\"https:\/\/algerieintelligence.com\/#\/schema\/person\/c648b09662082cf8039362aa83d977b5\"},\"breadcrumb\":{\"@id\":\"https:\/\/algerieintelligence.com\/index.php\/2021\/03\/09\/hirak-a-quand-la-politique-repressive\/#breadcrumb\"},\"inLanguage\":\"fr-FR\",\"potentialAction\":[{\"@type\":\"ReadAction\",\"target\":[\"https:\/\/algerieintelligence.com\/index.php\/2021\/03\/09\/hirak-a-quand-la-politique-repressive\/\"]}]},{\"@type\":\"ImageObject\",\"inLanguage\":\"fr-FR\",\"@id\":\"https:\/\/algerieintelligence.com\/index.php\/2021\/03\/09\/hirak-a-quand-la-politique-repressive\/#primaryimage\",\"url\":\"https:\/\/algerieintelligence.com\/wp-content\/uploads\/2021\/03\/c5f5f780-80d6-11eb-829f-413e6182c894_ORIGINAL.jpg\",\"contentUrl\":\"https:\/\/algerieintelligence.com\/wp-content\/uploads\/2021\/03\/c5f5f780-80d6-11eb-829f-413e6182c894_ORIGINAL.jpg\",\"width\":720,\"height\":480},{\"@type\":\"BreadcrumbList\",\"@id\":\"https:\/\/algerieintelligence.com\/index.php\/2021\/03\/09\/hirak-a-quand-la-politique-repressive\/#breadcrumb\",\"itemListElement\":[{\"@type\":\"ListItem\",\"position\":1,\"name\":\"Accueil\",\"item\":\"https:\/\/algerieintelligence.com\/\"},{\"@type\":\"ListItem\",\"position\":2,\"name\":\"R\u00e9pression envers le Hirak: Jusqu&rsquo;\u00e0 quand ?\"}]},{\"@type\":\"WebSite\",\"@id\":\"https:\/\/algerieintelligence.com\/#website\",\"url\":\"https:\/\/algerieintelligence.com\/\",\"name\":\"Alg\u00e9rie Intelligence\",\"description\":\"\",\"potentialAction\":[{\"@type\":\"SearchAction\",\"target\":{\"@type\":\"EntryPoint\",\"urlTemplate\":\"https:\/\/algerieintelligence.com\/?s={search_term_string}\"},\"query-input\":{\"@type\":\"PropertyValueSpecification\",\"valueRequired\":true,\"valueName\":\"search_term_string\"}}],\"inLanguage\":\"fr-FR\"},{\"@type\":\"Person\",\"@id\":\"https:\/\/algerieintelligence.com\/#\/schema\/person\/c648b09662082cf8039362aa83d977b5\",\"name\":\"Redac\",\"image\":{\"@type\":\"ImageObject\",\"inLanguage\":\"fr-FR\",\"@id\":\"https:\/\/algerieintelligence.com\/#\/schema\/person\/image\/\",\"url\":\"https:\/\/secure.gravatar.com\/avatar\/3e3f5b8d3962700be4db1c1605b3dd39f46197dd59d1ddf1f24234efad67103b?s=96&d=mm&r=g\",\"contentUrl\":\"https:\/\/secure.gravatar.com\/avatar\/3e3f5b8d3962700be4db1c1605b3dd39f46197dd59d1ddf1f24234efad67103b?s=96&d=mm&r=g\",\"caption\":\"Redac\"},\"sameAs\":[\"http:\/\/algerieintelligence.com\"]}]}<\/script>\n<!-- \/ Yoast SEO plugin. -->","yoast_head_json":{"title":"R\u00e9pression envers le Hirak: Jusqu'\u00e0 quand ? - Alg\u00e9rie Intelligence","robots":{"index":"index","follow":"follow","max-snippet":"max-snippet:-1","max-image-preview":"max-image-preview:large","max-video-preview":"max-video-preview:-1"},"canonical":"https:\/\/algerieintelligence.com\/index.php\/2021\/03\/09\/hirak-a-quand-la-politique-repressive\/","og_locale":"fr_FR","og_type":"article","og_title":"R\u00e9pression envers le Hirak: Jusqu'\u00e0 quand ? - Alg\u00e9rie Intelligence","og_description":"R\u00e9pression envers le Hirak: Jusqu&rsquo;\u00e0 quand? Le mois de f\u00e9vrier 2021 a \u00e9t\u00e9 marqu\u00e9 par le retour en force du Hirak au moment o\u00f9 l&rsquo;Alg\u00e9rie commence \u00e0 souffrir s\u00e9rieusement des effets de la pand\u00e9mie. Les Alg\u00e9riens reprennent ainsi leurs rendez-vous du vendredi avec la m\u00eame ferveur et surtout avec le m\u00eame pacifisme qui a caract\u00e9ris\u00e9 [&hellip;]","og_url":"https:\/\/algerieintelligence.com\/index.php\/2021\/03\/09\/hirak-a-quand-la-politique-repressive\/","og_site_name":"Alg\u00e9rie Intelligence","article_published_time":"2021-03-09T18:13:40+00:00","article_modified_time":"2021-03-10T15:52:43+00:00","og_image":[{"width":720,"height":480,"url":"https:\/\/algerieintelligence.com\/wp-content\/uploads\/2021\/03\/c5f5f780-80d6-11eb-829f-413e6182c894_ORIGINAL.jpg","type":"image\/jpeg"}],"author":"Redac","twitter_card":"summary_large_image","twitter_misc":{"\u00c9crit par":"Redac","Dur\u00e9e de lecture estim\u00e9e":"2 minutes"},"schema":{"@context":"https:\/\/schema.org","@graph":[{"@type":"WebPage","@id":"https:\/\/algerieintelligence.com\/index.php\/2021\/03\/09\/hirak-a-quand-la-politique-repressive\/","url":"https:\/\/algerieintelligence.com\/index.php\/2021\/03\/09\/hirak-a-quand-la-politique-repressive\/","name":"R\u00e9pression envers le Hirak: Jusqu'\u00e0 quand ? - Alg\u00e9rie Intelligence","isPartOf":{"@id":"https:\/\/algerieintelligence.com\/#website"},"primaryImageOfPage":{"@id":"https:\/\/algerieintelligence.com\/index.php\/2021\/03\/09\/hirak-a-quand-la-politique-repressive\/#primaryimage"},"image":{"@id":"https:\/\/algerieintelligence.com\/index.php\/2021\/03\/09\/hirak-a-quand-la-politique-repressive\/#primaryimage"},"thumbnailUrl":"https:\/\/algerieintelligence.com\/wp-content\/uploads\/2021\/03\/c5f5f780-80d6-11eb-829f-413e6182c894_ORIGINAL.jpg","datePublished":"2021-03-09T18:13:40+00:00","dateModified":"2021-03-10T15:52:43+00:00","author":{"@id":"https:\/\/algerieintelligence.com\/#\/schema\/person\/c648b09662082cf8039362aa83d977b5"},"breadcrumb":{"@id":"https:\/\/algerieintelligence.com\/index.php\/2021\/03\/09\/hirak-a-quand-la-politique-repressive\/#breadcrumb"},"inLanguage":"fr-FR","potentialAction":[{"@type":"ReadAction","target":["https:\/\/algerieintelligence.com\/index.php\/2021\/03\/09\/hirak-a-quand-la-politique-repressive\/"]}]},{"@type":"ImageObject","inLanguage":"fr-FR","@id":"https:\/\/algerieintelligence.com\/index.php\/2021\/03\/09\/hirak-a-quand-la-politique-repressive\/#primaryimage","url":"https:\/\/algerieintelligence.com\/wp-content\/uploads\/2021\/03\/c5f5f780-80d6-11eb-829f-413e6182c894_ORIGINAL.jpg","contentUrl":"https:\/\/algerieintelligence.com\/wp-content\/uploads\/2021\/03\/c5f5f780-80d6-11eb-829f-413e6182c894_ORIGINAL.jpg","width":720,"height":480},{"@type":"BreadcrumbList","@id":"https:\/\/algerieintelligence.com\/index.php\/2021\/03\/09\/hirak-a-quand-la-politique-repressive\/#breadcrumb","itemListElement":[{"@type":"ListItem","position":1,"name":"Accueil","item":"https:\/\/algerieintelligence.com\/"},{"@type":"ListItem","position":2,"name":"R\u00e9pression envers le Hirak: Jusqu&rsquo;\u00e0 quand ?"}]},{"@type":"WebSite","@id":"https:\/\/algerieintelligence.com\/#website","url":"https:\/\/algerieintelligence.com\/","name":"Alg\u00e9rie Intelligence","description":"","potentialAction":[{"@type":"SearchAction","target":{"@type":"EntryPoint","urlTemplate":"https:\/\/algerieintelligence.com\/?s={search_term_string}"},"query-input":{"@type":"PropertyValueSpecification","valueRequired":true,"valueName":"search_term_string"}}],"inLanguage":"fr-FR"},{"@type":"Person","@id":"https:\/\/algerieintelligence.com\/#\/schema\/person\/c648b09662082cf8039362aa83d977b5","name":"Redac","image":{"@type":"ImageObject","inLanguage":"fr-FR","@id":"https:\/\/algerieintelligence.com\/#\/schema\/person\/image\/","url":"https:\/\/secure.gravatar.com\/avatar\/3e3f5b8d3962700be4db1c1605b3dd39f46197dd59d1ddf1f24234efad67103b?s=96&d=mm&r=g","contentUrl":"https:\/\/secure.gravatar.com\/avatar\/3e3f5b8d3962700be4db1c1605b3dd39f46197dd59d1ddf1f24234efad67103b?s=96&d=mm&r=g","caption":"Redac"},"sameAs":["http:\/\/algerieintelligence.com"]}]}},"_links":{"self":[{"href":"https:\/\/algerieintelligence.com\/index.php\/wp-json\/wp\/v2\/posts\/414","targetHints":{"allow":["GET"]}}],"collection":[{"href":"https:\/\/algerieintelligence.com\/index.php\/wp-json\/wp\/v2\/posts"}],"about":[{"href":"https:\/\/algerieintelligence.com\/index.php\/wp-json\/wp\/v2\/types\/post"}],"author":[{"embeddable":true,"href":"https:\/\/algerieintelligence.com\/index.php\/wp-json\/wp\/v2\/users\/2"}],"replies":[{"embeddable":true,"href":"https:\/\/algerieintelligence.com\/index.php\/wp-json\/wp\/v2\/comments?post=414"}],"version-history":[{"count":2,"href":"https:\/\/algerieintelligence.com\/index.php\/wp-json\/wp\/v2\/posts\/414\/revisions"}],"predecessor-version":[{"id":418,"href":"https:\/\/algerieintelligence.com\/index.php\/wp-json\/wp\/v2\/posts\/414\/revisions\/418"}],"wp:featuredmedia":[{"embeddable":true,"href":"https:\/\/algerieintelligence.com\/index.php\/wp-json\/wp\/v2\/media\/415"}],"wp:attachment":[{"href":"https:\/\/algerieintelligence.com\/index.php\/wp-json\/wp\/v2\/media?parent=414"}],"wp:term":[{"taxonomy":"category","embeddable":true,"href":"https:\/\/algerieintelligence.com\/index.php\/wp-json\/wp\/v2\/categories?post=414"},{"taxonomy":"post_tag","embeddable":true,"href":"https:\/\/algerieintelligence.com\/index.php\/wp-json\/wp\/v2\/tags?post=414"}],"curies":[{"name":"wp","href":"https:\/\/api.w.org\/{rel}","templated":true}]}}