{"id":396,"date":"2021-02-23T02:37:09","date_gmt":"2021-02-23T01:37:09","guid":{"rendered":"https:\/\/algerieintelligence.com\/?p=396"},"modified":"2021-02-23T02:44:06","modified_gmt":"2021-02-23T01:44:06","slug":"le-hirak-et-le-hirak-originel","status":"publish","type":"post","link":"https:\/\/algerieintelligence.com\/index.php\/2021\/02\/23\/le-hirak-et-le-hirak-originel\/","title":{"rendered":"Le Hirak et le Hirak originel"},"content":{"rendered":"\n<div class=\"wp-block-group\"><div class=\"wp-block-group__inner-container is-layout-flow wp-block-group-is-layout-flow\">\n<h2 class=\"has-text-color wp-block-heading\" style=\"color:#ba0c49;font-size:38px\">Le Hirak et le Hirak originel<\/h2>\n\n\n\n<div class=\"wp-block-columns is-layout-flex wp-container-core-columns-is-layout-9d6595d7 wp-block-columns-is-layout-flex\">\n<div class=\"wp-block-column is-layout-flow wp-block-column-is-layout-flow\">\n<p style=\"font-size:18px\">Les Alg\u00e9riens f\u00eatent ainsi le 22 f\u00e9vrier le deuxi\u00e8me anniversaire de leur mouvement, celui qui leur a permis de se d\u00e9barrasser du clan Bouteflika: le \u00ab\u00a0gang\u00a0\u00bb (\u0627\u0644\u0639\u0635\u0627\u0628\u0629). Mais pour de nombreux militants, les revendications du Hirak sont rest\u00e9es lettre morte et beaucoup consid\u00e8rent qu&rsquo;il est temps de donner un second souffle \u00e0 un Hirak qualifi\u00e9 de r\u00e9volutionnaire. Aujourd&rsquo;hui, les rues de plusieurs grandes villes alg\u00e9riennes \u00e9taient noires de monde et les revendications \u00e9taient claires : l&rsquo;av\u00e8nement d&rsquo;une nouvelle \u00e8re moins militaire et plus transparente. Beaucoup exigent m\u00eame une seconde \u00ab\u00a0ind\u00e9pendance\u00a0\u00bb qui lib\u00e9rerait le pays d&rsquo;un syst\u00e8me politique jug\u00e9 aujourd&rsquo;hui d\u00e9finitivement corrompu.<\/p>\n<\/div>\n\n\n\n<div class=\"wp-block-column is-layout-flow wp-block-column-is-layout-flow\">\n<p style=\"font-size:18px\">L&rsquo;\u00c9tat de son c\u00f4t\u00e9 narre sa propre histoire et ne reconna\u00eet pas le Hirak mais reconna\u00eet plut\u00f4t le Hirak \u00ab\u00a0originel\u00a0\u00bb. Selon le r\u00e9cit de l&rsquo;\u00c9tat, le Hirak originel, le vrai, est celui qui a permis le d\u00e9part du clan Bouteflika. La suite du mouvement, l\u00e0 o\u00f9 les slogans ont commenc\u00e9 \u00e0 s&rsquo;attaquer au r\u00f4le de l&rsquo;arm\u00e9e, est consid\u00e9r\u00e9e comme une d\u00e9viance commandit\u00e9e par des ennemis de l&rsquo;Alg\u00e9rie qui seraient notamment appuy\u00e9s par des r\u00e9seaux pro-fran\u00e7ais. Le 22 f\u00e9vrier 2021, le Hirak et le Hirak originel ont march\u00e9 dans les rues alg\u00e9riennes. Les deux mouvements souhaitent une Alg\u00e9rie s\u00fbre et l&rsquo;espoir est permis pour une Nouvelle Alg\u00e9rie o\u00f9 il y aurait de la place pour les deux. <\/p>\n<\/div>\n<\/div>\n<\/div><\/div>\n\n\n\n<p>(Cr\u00e9dits photo: AFP)<\/p>\n","protected":false},"excerpt":{"rendered":"<p>Le Hirak et le Hirak originel Les Alg\u00e9riens f\u00eatent ainsi le 22 f\u00e9vrier le deuxi\u00e8me anniversaire de leur mouvement, celui qui leur a permis de se d\u00e9barrasser du clan Bouteflika: le \u00ab\u00a0gang\u00a0\u00bb (\u0627\u0644\u0639\u0635\u0627\u0628\u0629). Mais pour de nombreux militants, les revendications du Hirak sont rest\u00e9es lettre morte et beaucoup consid\u00e8rent qu&rsquo;il est temps de donner un [&hellip;]<\/p>\n","protected":false},"author":2,"featured_media":397,"comment_status":"open","ping_status":"open","sticky":false,"template":"","format":"standard","meta":{"footnotes":""},"categories":[5],"tags":[],"class_list":["post-396","post","type-post","status-publish","format-standard","has-post-thumbnail","hentry","category-analyse-et-info"],"yoast_head":"<!-- This site is optimized with the Yoast SEO plugin v26.0 - https:\/\/yoast.com\/wordpress\/plugins\/seo\/ -->\n<title>Le Hirak et le Hirak originel - Alg\u00e9rie Intelligence<\/title>\n<meta name=\"robots\" content=\"index, follow, max-snippet:-1, max-image-preview:large, max-video-preview:-1\" \/>\n<link rel=\"canonical\" href=\"https:\/\/algerieintelligence.com\/index.php\/2021\/02\/23\/le-hirak-et-le-hirak-originel\/\" \/>\n<meta property=\"og:locale\" content=\"fr_FR\" \/>\n<meta property=\"og:type\" content=\"article\" \/>\n<meta property=\"og:title\" content=\"Le Hirak et le Hirak originel - Alg\u00e9rie Intelligence\" \/>\n<meta property=\"og:description\" content=\"Le Hirak et le Hirak originel Les Alg\u00e9riens f\u00eatent ainsi le 22 f\u00e9vrier le deuxi\u00e8me anniversaire de leur mouvement, celui qui leur a permis de se d\u00e9barrasser du clan Bouteflika: le \u00ab\u00a0gang\u00a0\u00bb (\u0627\u0644\u0639\u0635\u0627\u0628\u0629). Mais pour de nombreux militants, les revendications du Hirak sont rest\u00e9es lettre morte et beaucoup consid\u00e8rent qu&rsquo;il est temps de donner un [&hellip;]\" \/>\n<meta property=\"og:url\" content=\"https:\/\/algerieintelligence.com\/index.php\/2021\/02\/23\/le-hirak-et-le-hirak-originel\/\" \/>\n<meta property=\"og:site_name\" content=\"Alg\u00e9rie Intelligence\" \/>\n<meta property=\"article:published_time\" content=\"2021-02-23T01:37:09+00:00\" \/>\n<meta property=\"article:modified_time\" content=\"2021-02-23T01:44:06+00:00\" \/>\n<meta property=\"og:image\" content=\"https:\/\/algerieintelligence.com\/wp-content\/uploads\/2021\/02\/3rtVN8OjqMQAut70Og-fen.jpg\" \/>\n\t<meta property=\"og:image:width\" content=\"1200\" \/>\n\t<meta property=\"og:image:height\" content=\"799\" \/>\n\t<meta property=\"og:image:type\" content=\"image\/jpeg\" \/>\n<meta name=\"author\" content=\"Redac\" \/>\n<meta name=\"twitter:card\" content=\"summary_large_image\" \/>\n<meta name=\"twitter:label1\" content=\"\u00c9crit par\" \/>\n\t<meta name=\"twitter:data1\" content=\"Redac\" \/>\n\t<meta name=\"twitter:label2\" content=\"Dur\u00e9e de lecture estim\u00e9e\" \/>\n\t<meta name=\"twitter:data2\" content=\"1 minute\" \/>\n<script type=\"application\/ld+json\" class=\"yoast-schema-graph\">{\"@context\":\"https:\/\/schema.org\",\"@graph\":[{\"@type\":\"WebPage\",\"@id\":\"https:\/\/algerieintelligence.com\/index.php\/2021\/02\/23\/le-hirak-et-le-hirak-originel\/\",\"url\":\"https:\/\/algerieintelligence.com\/index.php\/2021\/02\/23\/le-hirak-et-le-hirak-originel\/\",\"name\":\"Le Hirak et le Hirak originel - Alg\u00e9rie Intelligence\",\"isPartOf\":{\"@id\":\"https:\/\/algerieintelligence.com\/#website\"},\"primaryImageOfPage\":{\"@id\":\"https:\/\/algerieintelligence.com\/index.php\/2021\/02\/23\/le-hirak-et-le-hirak-originel\/#primaryimage\"},\"image\":{\"@id\":\"https:\/\/algerieintelligence.com\/index.php\/2021\/02\/23\/le-hirak-et-le-hirak-originel\/#primaryimage\"},\"thumbnailUrl\":\"https:\/\/algerieintelligence.com\/wp-content\/uploads\/2021\/02\/3rtVN8OjqMQAut70Og-fen.jpg\",\"datePublished\":\"2021-02-23T01:37:09+00:00\",\"dateModified\":\"2021-02-23T01:44:06+00:00\",\"author\":{\"@id\":\"https:\/\/algerieintelligence.com\/#\/schema\/person\/c648b09662082cf8039362aa83d977b5\"},\"breadcrumb\":{\"@id\":\"https:\/\/algerieintelligence.com\/index.php\/2021\/02\/23\/le-hirak-et-le-hirak-originel\/#breadcrumb\"},\"inLanguage\":\"fr-FR\",\"potentialAction\":[{\"@type\":\"ReadAction\",\"target\":[\"https:\/\/algerieintelligence.com\/index.php\/2021\/02\/23\/le-hirak-et-le-hirak-originel\/\"]}]},{\"@type\":\"ImageObject\",\"inLanguage\":\"fr-FR\",\"@id\":\"https:\/\/algerieintelligence.com\/index.php\/2021\/02\/23\/le-hirak-et-le-hirak-originel\/#primaryimage\",\"url\":\"https:\/\/algerieintelligence.com\/wp-content\/uploads\/2021\/02\/3rtVN8OjqMQAut70Og-fen.jpg\",\"contentUrl\":\"https:\/\/algerieintelligence.com\/wp-content\/uploads\/2021\/02\/3rtVN8OjqMQAut70Og-fen.jpg\",\"width\":1200,\"height\":799},{\"@type\":\"BreadcrumbList\",\"@id\":\"https:\/\/algerieintelligence.com\/index.php\/2021\/02\/23\/le-hirak-et-le-hirak-originel\/#breadcrumb\",\"itemListElement\":[{\"@type\":\"ListItem\",\"position\":1,\"name\":\"Accueil\",\"item\":\"https:\/\/algerieintelligence.com\/\"},{\"@type\":\"ListItem\",\"position\":2,\"name\":\"Le Hirak et le Hirak originel\"}]},{\"@type\":\"WebSite\",\"@id\":\"https:\/\/algerieintelligence.com\/#website\",\"url\":\"https:\/\/algerieintelligence.com\/\",\"name\":\"Alg\u00e9rie Intelligence\",\"description\":\"\",\"potentialAction\":[{\"@type\":\"SearchAction\",\"target\":{\"@type\":\"EntryPoint\",\"urlTemplate\":\"https:\/\/algerieintelligence.com\/?s={search_term_string}\"},\"query-input\":{\"@type\":\"PropertyValueSpecification\",\"valueRequired\":true,\"valueName\":\"search_term_string\"}}],\"inLanguage\":\"fr-FR\"},{\"@type\":\"Person\",\"@id\":\"https:\/\/algerieintelligence.com\/#\/schema\/person\/c648b09662082cf8039362aa83d977b5\",\"name\":\"Redac\",\"image\":{\"@type\":\"ImageObject\",\"inLanguage\":\"fr-FR\",\"@id\":\"https:\/\/algerieintelligence.com\/#\/schema\/person\/image\/\",\"url\":\"https:\/\/secure.gravatar.com\/avatar\/3e3f5b8d3962700be4db1c1605b3dd39f46197dd59d1ddf1f24234efad67103b?s=96&d=mm&r=g\",\"contentUrl\":\"https:\/\/secure.gravatar.com\/avatar\/3e3f5b8d3962700be4db1c1605b3dd39f46197dd59d1ddf1f24234efad67103b?s=96&d=mm&r=g\",\"caption\":\"Redac\"},\"sameAs\":[\"http:\/\/algerieintelligence.com\"]}]}<\/script>\n<!-- \/ Yoast SEO plugin. -->","yoast_head_json":{"title":"Le Hirak et le Hirak originel - Alg\u00e9rie Intelligence","robots":{"index":"index","follow":"follow","max-snippet":"max-snippet:-1","max-image-preview":"max-image-preview:large","max-video-preview":"max-video-preview:-1"},"canonical":"https:\/\/algerieintelligence.com\/index.php\/2021\/02\/23\/le-hirak-et-le-hirak-originel\/","og_locale":"fr_FR","og_type":"article","og_title":"Le Hirak et le Hirak originel - Alg\u00e9rie Intelligence","og_description":"Le Hirak et le Hirak originel Les Alg\u00e9riens f\u00eatent ainsi le 22 f\u00e9vrier le deuxi\u00e8me anniversaire de leur mouvement, celui qui leur a permis de se d\u00e9barrasser du clan Bouteflika: le \u00ab\u00a0gang\u00a0\u00bb (\u0627\u0644\u0639\u0635\u0627\u0628\u0629). Mais pour de nombreux militants, les revendications du Hirak sont rest\u00e9es lettre morte et beaucoup consid\u00e8rent qu&rsquo;il est temps de donner un [&hellip;]","og_url":"https:\/\/algerieintelligence.com\/index.php\/2021\/02\/23\/le-hirak-et-le-hirak-originel\/","og_site_name":"Alg\u00e9rie Intelligence","article_published_time":"2021-02-23T01:37:09+00:00","article_modified_time":"2021-02-23T01:44:06+00:00","og_image":[{"width":1200,"height":799,"url":"https:\/\/algerieintelligence.com\/wp-content\/uploads\/2021\/02\/3rtVN8OjqMQAut70Og-fen.jpg","type":"image\/jpeg"}],"author":"Redac","twitter_card":"summary_large_image","twitter_misc":{"\u00c9crit par":"Redac","Dur\u00e9e de lecture estim\u00e9e":"1 minute"},"schema":{"@context":"https:\/\/schema.org","@graph":[{"@type":"WebPage","@id":"https:\/\/algerieintelligence.com\/index.php\/2021\/02\/23\/le-hirak-et-le-hirak-originel\/","url":"https:\/\/algerieintelligence.com\/index.php\/2021\/02\/23\/le-hirak-et-le-hirak-originel\/","name":"Le Hirak et le Hirak originel - Alg\u00e9rie Intelligence","isPartOf":{"@id":"https:\/\/algerieintelligence.com\/#website"},"primaryImageOfPage":{"@id":"https:\/\/algerieintelligence.com\/index.php\/2021\/02\/23\/le-hirak-et-le-hirak-originel\/#primaryimage"},"image":{"@id":"https:\/\/algerieintelligence.com\/index.php\/2021\/02\/23\/le-hirak-et-le-hirak-originel\/#primaryimage"},"thumbnailUrl":"https:\/\/algerieintelligence.com\/wp-content\/uploads\/2021\/02\/3rtVN8OjqMQAut70Og-fen.jpg","datePublished":"2021-02-23T01:37:09+00:00","dateModified":"2021-02-23T01:44:06+00:00","author":{"@id":"https:\/\/algerieintelligence.com\/#\/schema\/person\/c648b09662082cf8039362aa83d977b5"},"breadcrumb":{"@id":"https:\/\/algerieintelligence.com\/index.php\/2021\/02\/23\/le-hirak-et-le-hirak-originel\/#breadcrumb"},"inLanguage":"fr-FR","potentialAction":[{"@type":"ReadAction","target":["https:\/\/algerieintelligence.com\/index.php\/2021\/02\/23\/le-hirak-et-le-hirak-originel\/"]}]},{"@type":"ImageObject","inLanguage":"fr-FR","@id":"https:\/\/algerieintelligence.com\/index.php\/2021\/02\/23\/le-hirak-et-le-hirak-originel\/#primaryimage","url":"https:\/\/algerieintelligence.com\/wp-content\/uploads\/2021\/02\/3rtVN8OjqMQAut70Og-fen.jpg","contentUrl":"https:\/\/algerieintelligence.com\/wp-content\/uploads\/2021\/02\/3rtVN8OjqMQAut70Og-fen.jpg","width":1200,"height":799},{"@type":"BreadcrumbList","@id":"https:\/\/algerieintelligence.com\/index.php\/2021\/02\/23\/le-hirak-et-le-hirak-originel\/#breadcrumb","itemListElement":[{"@type":"ListItem","position":1,"name":"Accueil","item":"https:\/\/algerieintelligence.com\/"},{"@type":"ListItem","position":2,"name":"Le Hirak et le Hirak originel"}]},{"@type":"WebSite","@id":"https:\/\/algerieintelligence.com\/#website","url":"https:\/\/algerieintelligence.com\/","name":"Alg\u00e9rie Intelligence","description":"","potentialAction":[{"@type":"SearchAction","target":{"@type":"EntryPoint","urlTemplate":"https:\/\/algerieintelligence.com\/?s={search_term_string}"},"query-input":{"@type":"PropertyValueSpecification","valueRequired":true,"valueName":"search_term_string"}}],"inLanguage":"fr-FR"},{"@type":"Person","@id":"https:\/\/algerieintelligence.com\/#\/schema\/person\/c648b09662082cf8039362aa83d977b5","name":"Redac","image":{"@type":"ImageObject","inLanguage":"fr-FR","@id":"https:\/\/algerieintelligence.com\/#\/schema\/person\/image\/","url":"https:\/\/secure.gravatar.com\/avatar\/3e3f5b8d3962700be4db1c1605b3dd39f46197dd59d1ddf1f24234efad67103b?s=96&d=mm&r=g","contentUrl":"https:\/\/secure.gravatar.com\/avatar\/3e3f5b8d3962700be4db1c1605b3dd39f46197dd59d1ddf1f24234efad67103b?s=96&d=mm&r=g","caption":"Redac"},"sameAs":["http:\/\/algerieintelligence.com"]}]}},"_links":{"self":[{"href":"https:\/\/algerieintelligence.com\/index.php\/wp-json\/wp\/v2\/posts\/396","targetHints":{"allow":["GET"]}}],"collection":[{"href":"https:\/\/algerieintelligence.com\/index.php\/wp-json\/wp\/v2\/posts"}],"about":[{"href":"https:\/\/algerieintelligence.com\/index.php\/wp-json\/wp\/v2\/types\/post"}],"author":[{"embeddable":true,"href":"https:\/\/algerieintelligence.com\/index.php\/wp-json\/wp\/v2\/users\/2"}],"replies":[{"embeddable":true,"href":"https:\/\/algerieintelligence.com\/index.php\/wp-json\/wp\/v2\/comments?post=396"}],"version-history":[{"count":3,"href":"https:\/\/algerieintelligence.com\/index.php\/wp-json\/wp\/v2\/posts\/396\/revisions"}],"predecessor-version":[{"id":401,"href":"https:\/\/algerieintelligence.com\/index.php\/wp-json\/wp\/v2\/posts\/396\/revisions\/401"}],"wp:featuredmedia":[{"embeddable":true,"href":"https:\/\/algerieintelligence.com\/index.php\/wp-json\/wp\/v2\/media\/397"}],"wp:attachment":[{"href":"https:\/\/algerieintelligence.com\/index.php\/wp-json\/wp\/v2\/media?parent=396"}],"wp:term":[{"taxonomy":"category","embeddable":true,"href":"https:\/\/algerieintelligence.com\/index.php\/wp-json\/wp\/v2\/categories?post=396"},{"taxonomy":"post_tag","embeddable":true,"href":"https:\/\/algerieintelligence.com\/index.php\/wp-json\/wp\/v2\/tags?post=396"}],"curies":[{"name":"wp","href":"https:\/\/api.w.org\/{rel}","templated":true}]}}