{"id":312,"date":"2021-01-14T04:44:56","date_gmt":"2021-01-14T03:44:56","guid":{"rendered":"https:\/\/algerieintelligence.com\/?p=312"},"modified":"2021-01-14T18:20:36","modified_gmt":"2021-01-14T17:20:36","slug":"algerie-afrique-du-sud-deux-poles-anticoloniaux-aux-valeurs-sures","status":"publish","type":"post","link":"https:\/\/algerieintelligence.com\/index.php\/2021\/01\/14\/algerie-afrique-du-sud-deux-poles-anticoloniaux-aux-valeurs-sures\/","title":{"rendered":"Alg\u00e9rie &#8211; Afrique du Sud : Deux p\u00f4les anticoloniaux aux valeurs s\u00fbres"},"content":{"rendered":"\n<div class=\"wp-block-group\"><div class=\"wp-block-group__inner-container is-layout-flow wp-block-group-is-layout-flow\">\n<h2 class=\"has-text-color wp-block-heading\" style=\"color:#ba0c49;font-size:38px\">Alg\u00e9rie &#8211; Afrique du Sud : Deux p\u00f4les anticoloniaux aux valeurs s\u00fbres<\/h2>\n\n\n\n<div class=\"wp-block-columns is-layout-flex wp-container-core-columns-is-layout-9d6595d7 wp-block-columns-is-layout-flex\">\n<div class=\"wp-block-column is-layout-flow wp-block-column-is-layout-flow\">\n<p style=\"font-size:18px\">Le ministre des affaires \u00e9trang\u00e8res alg\u00e9rien, Sabri Boukadoum, a rencontr\u00e9 \u00e0 Pretoria son homologue sud-africaine Naledi Pandor avec laquelle il a \u00e9voqu\u00e9 les relations bilat\u00e9rales entre les deux pays, le ministre a ensuite rencontr\u00e9 le pr\u00e9sident sud-africain Cyril Ramaphosa. Parmi les sujets \u00e9voqu\u00e9s, ceux li\u00e9s \u00e0 la paix et \u00e0 la s\u00e9curit\u00e9 en Afrique. Les deux responsables ont ainsi insist\u00e9 sur la n\u00e9cessit\u00e9 de parvenir \u00e0 une solution pacifique et bas\u00e9e sur le droit international concernant la question du Sahara occidental,  une question consid\u00e9r\u00e9e par les deux pays comme relevant de la d\u00e9colonisation. \u00c9tant donn\u00e9 l&rsquo;histoire des deux pays face au colonialisme et \u00e0 l&rsquo;apartheid, il n&rsquo;est pas surprenant que les deux gouvernements soient sur la m\u00eame longueur d&rsquo;ondes.<\/p>\n<\/div>\n\n\n\n<div class=\"wp-block-column is-layout-flow wp-block-column-is-layout-flow\">\n<p style=\"font-size:18px\">Malgr\u00e9 les graves probl\u00e8mes politiques, sociaux et \u00e9conomiques par lesquels passe l&rsquo;Alg\u00e9rie ces deux derni\u00e8res ann\u00e9es, les autorit\u00e9s de ce pays ne semblent pas pr\u00eates \u00e0 abandonner la cause du Sahara occidental. L&rsquo;Alg\u00e9rie, qui se range comme l&rsquo;Afrique du Sud et d&rsquo;autres pays du c\u00f4t\u00e9 du droit international, consid\u00e8re ce dossier comme une affaire de s\u00e9curit\u00e9 nationale. Le nationalisme alg\u00e9rien s&rsquo;est forg\u00e9 dans son opposition au colonialisme et la d\u00e9faite de la cause sahraouie signifierait un \u00e9chec de l&rsquo;influence alg\u00e9rienne \u00e0 ses fronti\u00e8res. Bien qu&rsquo;affaiblis, l&rsquo;Afrique du Sud et l&rsquo;Alg\u00e9rie sont deux pays d\u00e9cid\u00e9s \u00e0 faire entendre la voix anticoloniale de l&rsquo;Afrique dans un monde o\u00f9 le rapport de force est plus que jamais en vigueur.<\/p>\n<\/div>\n<\/div>\n<\/div><\/div>\n\n\n\n<p>(Cr\u00e9dits photo : APS)<\/p>\n","protected":false},"excerpt":{"rendered":"<p>Alg\u00e9rie &#8211; Afrique du Sud : Deux p\u00f4les anticoloniaux aux valeurs s\u00fbres Le ministre des affaires \u00e9trang\u00e8res alg\u00e9rien, Sabri Boukadoum, a rencontr\u00e9 \u00e0 Pretoria son homologue sud-africaine Naledi Pandor avec laquelle il a \u00e9voqu\u00e9 les relations bilat\u00e9rales entre les deux pays, le ministre a ensuite rencontr\u00e9 le pr\u00e9sident sud-africain Cyril Ramaphosa. Parmi les sujets \u00e9voqu\u00e9s, [&hellip;]<\/p>\n","protected":false},"author":2,"featured_media":314,"comment_status":"open","ping_status":"open","sticky":false,"template":"","format":"standard","meta":{"footnotes":""},"categories":[5,8],"tags":[],"class_list":["post-312","post","type-post","status-publish","format-standard","has-post-thumbnail","hentry","category-analyse-et-info","category-international"],"yoast_head":"<!-- This site is optimized with the Yoast SEO plugin v26.0 - https:\/\/yoast.com\/wordpress\/plugins\/seo\/ -->\n<title>Alg\u00e9rie - Afrique du Sud : Deux p\u00f4les anticoloniaux aux valeurs s\u00fbres - Alg\u00e9rie Intelligence<\/title>\n<meta name=\"robots\" content=\"index, follow, max-snippet:-1, max-image-preview:large, max-video-preview:-1\" \/>\n<link rel=\"canonical\" href=\"https:\/\/algerieintelligence.com\/index.php\/2021\/01\/14\/algerie-afrique-du-sud-deux-poles-anticoloniaux-aux-valeurs-sures\/\" \/>\n<meta property=\"og:locale\" content=\"fr_FR\" \/>\n<meta property=\"og:type\" content=\"article\" \/>\n<meta property=\"og:title\" content=\"Alg\u00e9rie - Afrique du Sud : Deux p\u00f4les anticoloniaux aux valeurs s\u00fbres - Alg\u00e9rie Intelligence\" \/>\n<meta property=\"og:description\" content=\"Alg\u00e9rie &#8211; Afrique du Sud : Deux p\u00f4les anticoloniaux aux valeurs s\u00fbres Le ministre des affaires \u00e9trang\u00e8res alg\u00e9rien, Sabri Boukadoum, a rencontr\u00e9 \u00e0 Pretoria son homologue sud-africaine Naledi Pandor avec laquelle il a \u00e9voqu\u00e9 les relations bilat\u00e9rales entre les deux pays, le ministre a ensuite rencontr\u00e9 le pr\u00e9sident sud-africain Cyril Ramaphosa. Parmi les sujets \u00e9voqu\u00e9s, [&hellip;]\" \/>\n<meta property=\"og:url\" content=\"https:\/\/algerieintelligence.com\/index.php\/2021\/01\/14\/algerie-afrique-du-sud-deux-poles-anticoloniaux-aux-valeurs-sures\/\" \/>\n<meta property=\"og:site_name\" content=\"Alg\u00e9rie Intelligence\" \/>\n<meta property=\"article:published_time\" content=\"2021-01-14T03:44:56+00:00\" \/>\n<meta property=\"article:modified_time\" content=\"2021-01-14T17:20:36+00:00\" \/>\n<meta property=\"og:image\" content=\"https:\/\/algerieintelligence.com\/wp-content\/uploads\/2021\/01\/20210113_215145.jpg\" \/>\n\t<meta property=\"og:image:width\" content=\"580\" \/>\n\t<meta property=\"og:image:height\" content=\"350\" \/>\n\t<meta property=\"og:image:type\" content=\"image\/jpeg\" \/>\n<meta name=\"author\" content=\"Redac\" \/>\n<meta name=\"twitter:card\" content=\"summary_large_image\" \/>\n<meta name=\"twitter:label1\" content=\"\u00c9crit par\" \/>\n\t<meta name=\"twitter:data1\" content=\"Redac\" \/>\n\t<meta name=\"twitter:label2\" content=\"Dur\u00e9e de lecture estim\u00e9e\" \/>\n\t<meta name=\"twitter:data2\" content=\"1 minute\" \/>\n<script type=\"application\/ld+json\" class=\"yoast-schema-graph\">{\"@context\":\"https:\/\/schema.org\",\"@graph\":[{\"@type\":\"WebPage\",\"@id\":\"https:\/\/algerieintelligence.com\/index.php\/2021\/01\/14\/algerie-afrique-du-sud-deux-poles-anticoloniaux-aux-valeurs-sures\/\",\"url\":\"https:\/\/algerieintelligence.com\/index.php\/2021\/01\/14\/algerie-afrique-du-sud-deux-poles-anticoloniaux-aux-valeurs-sures\/\",\"name\":\"Alg\u00e9rie - Afrique du Sud : Deux p\u00f4les anticoloniaux aux valeurs s\u00fbres - Alg\u00e9rie Intelligence\",\"isPartOf\":{\"@id\":\"https:\/\/algerieintelligence.com\/#website\"},\"primaryImageOfPage\":{\"@id\":\"https:\/\/algerieintelligence.com\/index.php\/2021\/01\/14\/algerie-afrique-du-sud-deux-poles-anticoloniaux-aux-valeurs-sures\/#primaryimage\"},\"image\":{\"@id\":\"https:\/\/algerieintelligence.com\/index.php\/2021\/01\/14\/algerie-afrique-du-sud-deux-poles-anticoloniaux-aux-valeurs-sures\/#primaryimage\"},\"thumbnailUrl\":\"https:\/\/algerieintelligence.com\/wp-content\/uploads\/2021\/01\/20210113_215145.jpg\",\"datePublished\":\"2021-01-14T03:44:56+00:00\",\"dateModified\":\"2021-01-14T17:20:36+00:00\",\"author\":{\"@id\":\"https:\/\/algerieintelligence.com\/#\/schema\/person\/c648b09662082cf8039362aa83d977b5\"},\"breadcrumb\":{\"@id\":\"https:\/\/algerieintelligence.com\/index.php\/2021\/01\/14\/algerie-afrique-du-sud-deux-poles-anticoloniaux-aux-valeurs-sures\/#breadcrumb\"},\"inLanguage\":\"fr-FR\",\"potentialAction\":[{\"@type\":\"ReadAction\",\"target\":[\"https:\/\/algerieintelligence.com\/index.php\/2021\/01\/14\/algerie-afrique-du-sud-deux-poles-anticoloniaux-aux-valeurs-sures\/\"]}]},{\"@type\":\"ImageObject\",\"inLanguage\":\"fr-FR\",\"@id\":\"https:\/\/algerieintelligence.com\/index.php\/2021\/01\/14\/algerie-afrique-du-sud-deux-poles-anticoloniaux-aux-valeurs-sures\/#primaryimage\",\"url\":\"https:\/\/algerieintelligence.com\/wp-content\/uploads\/2021\/01\/20210113_215145.jpg\",\"contentUrl\":\"https:\/\/algerieintelligence.com\/wp-content\/uploads\/2021\/01\/20210113_215145.jpg\",\"width\":580,\"height\":350},{\"@type\":\"BreadcrumbList\",\"@id\":\"https:\/\/algerieintelligence.com\/index.php\/2021\/01\/14\/algerie-afrique-du-sud-deux-poles-anticoloniaux-aux-valeurs-sures\/#breadcrumb\",\"itemListElement\":[{\"@type\":\"ListItem\",\"position\":1,\"name\":\"Accueil\",\"item\":\"https:\/\/algerieintelligence.com\/\"},{\"@type\":\"ListItem\",\"position\":2,\"name\":\"Alg\u00e9rie &#8211; Afrique du Sud : Deux p\u00f4les anticoloniaux aux valeurs s\u00fbres\"}]},{\"@type\":\"WebSite\",\"@id\":\"https:\/\/algerieintelligence.com\/#website\",\"url\":\"https:\/\/algerieintelligence.com\/\",\"name\":\"Alg\u00e9rie Intelligence\",\"description\":\"\",\"potentialAction\":[{\"@type\":\"SearchAction\",\"target\":{\"@type\":\"EntryPoint\",\"urlTemplate\":\"https:\/\/algerieintelligence.com\/?s={search_term_string}\"},\"query-input\":{\"@type\":\"PropertyValueSpecification\",\"valueRequired\":true,\"valueName\":\"search_term_string\"}}],\"inLanguage\":\"fr-FR\"},{\"@type\":\"Person\",\"@id\":\"https:\/\/algerieintelligence.com\/#\/schema\/person\/c648b09662082cf8039362aa83d977b5\",\"name\":\"Redac\",\"image\":{\"@type\":\"ImageObject\",\"inLanguage\":\"fr-FR\",\"@id\":\"https:\/\/algerieintelligence.com\/#\/schema\/person\/image\/\",\"url\":\"https:\/\/secure.gravatar.com\/avatar\/3e3f5b8d3962700be4db1c1605b3dd39f46197dd59d1ddf1f24234efad67103b?s=96&d=mm&r=g\",\"contentUrl\":\"https:\/\/secure.gravatar.com\/avatar\/3e3f5b8d3962700be4db1c1605b3dd39f46197dd59d1ddf1f24234efad67103b?s=96&d=mm&r=g\",\"caption\":\"Redac\"},\"sameAs\":[\"http:\/\/algerieintelligence.com\"]}]}<\/script>\n<!-- \/ Yoast SEO plugin. -->","yoast_head_json":{"title":"Alg\u00e9rie - Afrique du Sud : Deux p\u00f4les anticoloniaux aux valeurs s\u00fbres - Alg\u00e9rie Intelligence","robots":{"index":"index","follow":"follow","max-snippet":"max-snippet:-1","max-image-preview":"max-image-preview:large","max-video-preview":"max-video-preview:-1"},"canonical":"https:\/\/algerieintelligence.com\/index.php\/2021\/01\/14\/algerie-afrique-du-sud-deux-poles-anticoloniaux-aux-valeurs-sures\/","og_locale":"fr_FR","og_type":"article","og_title":"Alg\u00e9rie - Afrique du Sud : Deux p\u00f4les anticoloniaux aux valeurs s\u00fbres - Alg\u00e9rie Intelligence","og_description":"Alg\u00e9rie &#8211; Afrique du Sud : Deux p\u00f4les anticoloniaux aux valeurs s\u00fbres Le ministre des affaires \u00e9trang\u00e8res alg\u00e9rien, Sabri Boukadoum, a rencontr\u00e9 \u00e0 Pretoria son homologue sud-africaine Naledi Pandor avec laquelle il a \u00e9voqu\u00e9 les relations bilat\u00e9rales entre les deux pays, le ministre a ensuite rencontr\u00e9 le pr\u00e9sident sud-africain Cyril Ramaphosa. Parmi les sujets \u00e9voqu\u00e9s, [&hellip;]","og_url":"https:\/\/algerieintelligence.com\/index.php\/2021\/01\/14\/algerie-afrique-du-sud-deux-poles-anticoloniaux-aux-valeurs-sures\/","og_site_name":"Alg\u00e9rie Intelligence","article_published_time":"2021-01-14T03:44:56+00:00","article_modified_time":"2021-01-14T17:20:36+00:00","og_image":[{"width":580,"height":350,"url":"https:\/\/algerieintelligence.com\/wp-content\/uploads\/2021\/01\/20210113_215145.jpg","type":"image\/jpeg"}],"author":"Redac","twitter_card":"summary_large_image","twitter_misc":{"\u00c9crit par":"Redac","Dur\u00e9e de lecture estim\u00e9e":"1 minute"},"schema":{"@context":"https:\/\/schema.org","@graph":[{"@type":"WebPage","@id":"https:\/\/algerieintelligence.com\/index.php\/2021\/01\/14\/algerie-afrique-du-sud-deux-poles-anticoloniaux-aux-valeurs-sures\/","url":"https:\/\/algerieintelligence.com\/index.php\/2021\/01\/14\/algerie-afrique-du-sud-deux-poles-anticoloniaux-aux-valeurs-sures\/","name":"Alg\u00e9rie - Afrique du Sud : Deux p\u00f4les anticoloniaux aux valeurs s\u00fbres - Alg\u00e9rie Intelligence","isPartOf":{"@id":"https:\/\/algerieintelligence.com\/#website"},"primaryImageOfPage":{"@id":"https:\/\/algerieintelligence.com\/index.php\/2021\/01\/14\/algerie-afrique-du-sud-deux-poles-anticoloniaux-aux-valeurs-sures\/#primaryimage"},"image":{"@id":"https:\/\/algerieintelligence.com\/index.php\/2021\/01\/14\/algerie-afrique-du-sud-deux-poles-anticoloniaux-aux-valeurs-sures\/#primaryimage"},"thumbnailUrl":"https:\/\/algerieintelligence.com\/wp-content\/uploads\/2021\/01\/20210113_215145.jpg","datePublished":"2021-01-14T03:44:56+00:00","dateModified":"2021-01-14T17:20:36+00:00","author":{"@id":"https:\/\/algerieintelligence.com\/#\/schema\/person\/c648b09662082cf8039362aa83d977b5"},"breadcrumb":{"@id":"https:\/\/algerieintelligence.com\/index.php\/2021\/01\/14\/algerie-afrique-du-sud-deux-poles-anticoloniaux-aux-valeurs-sures\/#breadcrumb"},"inLanguage":"fr-FR","potentialAction":[{"@type":"ReadAction","target":["https:\/\/algerieintelligence.com\/index.php\/2021\/01\/14\/algerie-afrique-du-sud-deux-poles-anticoloniaux-aux-valeurs-sures\/"]}]},{"@type":"ImageObject","inLanguage":"fr-FR","@id":"https:\/\/algerieintelligence.com\/index.php\/2021\/01\/14\/algerie-afrique-du-sud-deux-poles-anticoloniaux-aux-valeurs-sures\/#primaryimage","url":"https:\/\/algerieintelligence.com\/wp-content\/uploads\/2021\/01\/20210113_215145.jpg","contentUrl":"https:\/\/algerieintelligence.com\/wp-content\/uploads\/2021\/01\/20210113_215145.jpg","width":580,"height":350},{"@type":"BreadcrumbList","@id":"https:\/\/algerieintelligence.com\/index.php\/2021\/01\/14\/algerie-afrique-du-sud-deux-poles-anticoloniaux-aux-valeurs-sures\/#breadcrumb","itemListElement":[{"@type":"ListItem","position":1,"name":"Accueil","item":"https:\/\/algerieintelligence.com\/"},{"@type":"ListItem","position":2,"name":"Alg\u00e9rie &#8211; Afrique du Sud : Deux p\u00f4les anticoloniaux aux valeurs s\u00fbres"}]},{"@type":"WebSite","@id":"https:\/\/algerieintelligence.com\/#website","url":"https:\/\/algerieintelligence.com\/","name":"Alg\u00e9rie Intelligence","description":"","potentialAction":[{"@type":"SearchAction","target":{"@type":"EntryPoint","urlTemplate":"https:\/\/algerieintelligence.com\/?s={search_term_string}"},"query-input":{"@type":"PropertyValueSpecification","valueRequired":true,"valueName":"search_term_string"}}],"inLanguage":"fr-FR"},{"@type":"Person","@id":"https:\/\/algerieintelligence.com\/#\/schema\/person\/c648b09662082cf8039362aa83d977b5","name":"Redac","image":{"@type":"ImageObject","inLanguage":"fr-FR","@id":"https:\/\/algerieintelligence.com\/#\/schema\/person\/image\/","url":"https:\/\/secure.gravatar.com\/avatar\/3e3f5b8d3962700be4db1c1605b3dd39f46197dd59d1ddf1f24234efad67103b?s=96&d=mm&r=g","contentUrl":"https:\/\/secure.gravatar.com\/avatar\/3e3f5b8d3962700be4db1c1605b3dd39f46197dd59d1ddf1f24234efad67103b?s=96&d=mm&r=g","caption":"Redac"},"sameAs":["http:\/\/algerieintelligence.com"]}]}},"_links":{"self":[{"href":"https:\/\/algerieintelligence.com\/index.php\/wp-json\/wp\/v2\/posts\/312","targetHints":{"allow":["GET"]}}],"collection":[{"href":"https:\/\/algerieintelligence.com\/index.php\/wp-json\/wp\/v2\/posts"}],"about":[{"href":"https:\/\/algerieintelligence.com\/index.php\/wp-json\/wp\/v2\/types\/post"}],"author":[{"embeddable":true,"href":"https:\/\/algerieintelligence.com\/index.php\/wp-json\/wp\/v2\/users\/2"}],"replies":[{"embeddable":true,"href":"https:\/\/algerieintelligence.com\/index.php\/wp-json\/wp\/v2\/comments?post=312"}],"version-history":[{"count":4,"href":"https:\/\/algerieintelligence.com\/index.php\/wp-json\/wp\/v2\/posts\/312\/revisions"}],"predecessor-version":[{"id":318,"href":"https:\/\/algerieintelligence.com\/index.php\/wp-json\/wp\/v2\/posts\/312\/revisions\/318"}],"wp:featuredmedia":[{"embeddable":true,"href":"https:\/\/algerieintelligence.com\/index.php\/wp-json\/wp\/v2\/media\/314"}],"wp:attachment":[{"href":"https:\/\/algerieintelligence.com\/index.php\/wp-json\/wp\/v2\/media?parent=312"}],"wp:term":[{"taxonomy":"category","embeddable":true,"href":"https:\/\/algerieintelligence.com\/index.php\/wp-json\/wp\/v2\/categories?post=312"},{"taxonomy":"post_tag","embeddable":true,"href":"https:\/\/algerieintelligence.com\/index.php\/wp-json\/wp\/v2\/tags?post=312"}],"curies":[{"name":"wp","href":"https:\/\/api.w.org\/{rel}","templated":true}]}}