{"id":282,"date":"2020-12-28T22:28:13","date_gmt":"2020-12-28T21:28:13","guid":{"rendered":"https:\/\/algerieintelligence.com\/?p=282"},"modified":"2020-12-28T22:28:14","modified_gmt":"2020-12-28T21:28:14","slug":"labsence-de-tebboune-desequilibre-t-elle-larmee","status":"publish","type":"post","link":"https:\/\/algerieintelligence.com\/index.php\/2020\/12\/28\/labsence-de-tebboune-desequilibre-t-elle-larmee\/","title":{"rendered":"L&rsquo;absence de Tebboune d\u00e9s\u00e9quilibre-t-elle l&rsquo;arm\u00e9e?"},"content":{"rendered":"\n<div class=\"wp-block-group\"><div class=\"wp-block-group__inner-container is-layout-flow wp-block-group-is-layout-flow\">\n<h2 class=\"has-text-color wp-block-heading\" style=\"color:#ba0c49;font-size:38px\">L&rsquo;absence de Tebboune d\u00e9s\u00e9quilibre-t-elle l&rsquo;arm\u00e9e?<\/h2>\n\n\n\n<div class=\"wp-block-columns is-layout-flex wp-container-core-columns-is-layout-9d6595d7 wp-block-columns-is-layout-flex\">\n<div class=\"wp-block-column is-layout-flow wp-block-column-is-layout-flow\">\n<p style=\"font-size:18px\">L&rsquo;\u00e9quilibre des forces parmi les officiers les plus influents au sein de l&rsquo;arm\u00e9e est de plus en plus difficile \u00e0 tenir et les clans qui se sont oppos\u00e9s pendant la p\u00e9riode du Hirak reprennent leurs man\u0153uvres, apr\u00e8s une l\u00e9g\u00e8re accalmie durant les premiers mois de l&rsquo;\u00e9lection de Tebboune. Le pr\u00e9sident est en effet parvenu \u00e0 convaincre les diff\u00e9rents responsables de l&rsquo;institution militaire de sa volont\u00e9 d&rsquo;unir et d&rsquo;apaiser les tensions, mais son absence du pays a r\u00e9veill\u00e9 les incertitudes mais aussi les ambitions. C&rsquo;est ainsi qu&rsquo;on a organis\u00e9 le retour au pays du g\u00e9n\u00e9ral \u00e0 la retraite Khaled Nezzar, pourtant condamn\u00e9 \u00e0 20 ans de prison au m\u00eame titre que Mohamed \u00ab\u00a0Toufik\u00a0\u00bb Mediene, qui se trouverait quant \u00e0 lui en dehors de la prison militaire pour de suppos\u00e9s probl\u00e8mes de sant\u00e9. Ces \u00e9v\u00e9nements interviennent au lendemain d&rsquo;importants d\u00e9veloppements survenus dans le dossier du Sahara occidental.<\/p>\n<\/div>\n\n\n\n<div class=\"wp-block-column is-layout-flow wp-block-column-is-layout-flow\">\n<p style=\"font-size:18px\">Il semblerait que l&rsquo;\u00e9tat-major n&rsquo;ait pas encore r\u00e9ussi \u00e0 obtenir l&rsquo;unanimit\u00e9 parmi les responsables les plus importants de la hi\u00e9rarchie concernant la position \u00e0 adopter vis-\u00e0-vis de la politique marocaine et de l&rsquo;implication irritante de la France dans la r\u00e9gion. Faut-il rappeler que le d\u00e9funt Gaid Salah s&rsquo;\u00e9tait entour\u00e9 d&rsquo;un \u00e9tat-major relativement d\u00e9missionnaire concernant la question du Sahara occidental et ouvertement pro-\u00e9mirati. L&rsquo;arriv\u00e9e de Tebboune au pouvoir a pr\u00e9cipit\u00e9 la fin de l&rsquo;\u00e8re Gaid Salah et a sorti de nombreux officiers de la marginalisation, des officiers plus conservateurs concernant les dogmes de l&rsquo;ANP principalement concernant les questions de souverainet\u00e9 et de d\u00e9colonisation. Reste \u00e0 savoir si la reconfiguration en cours au sein de la colonne vert\u00e9brale de l&rsquo;\u00c9tat se d\u00e9roulera sans accroc en cette p\u00e9riode marqu\u00e9e par de nombreuses incertitudes.<\/p>\n<\/div>\n<\/div>\n<\/div><\/div>\n","protected":false},"excerpt":{"rendered":"<p>L&rsquo;absence de Tebboune d\u00e9s\u00e9quilibre-t-elle l&rsquo;arm\u00e9e? L&rsquo;\u00e9quilibre des forces parmi les officiers les plus influents au sein de l&rsquo;arm\u00e9e est de plus en plus difficile \u00e0 tenir et les clans qui se sont oppos\u00e9s pendant la p\u00e9riode du Hirak reprennent leurs man\u0153uvres, apr\u00e8s une l\u00e9g\u00e8re accalmie durant les premiers mois de l&rsquo;\u00e9lection de Tebboune. Le pr\u00e9sident [&hellip;]<\/p>\n","protected":false},"author":2,"featured_media":285,"comment_status":"open","ping_status":"open","sticky":false,"template":"","format":"standard","meta":{"footnotes":""},"categories":[5],"tags":[],"class_list":["post-282","post","type-post","status-publish","format-standard","has-post-thumbnail","hentry","category-analyse-et-info"],"yoast_head":"<!-- This site is optimized with the Yoast SEO plugin v26.0 - https:\/\/yoast.com\/wordpress\/plugins\/seo\/ -->\n<title>L&#039;absence de Tebboune d\u00e9s\u00e9quilibre-t-elle l&#039;arm\u00e9e? - Alg\u00e9rie Intelligence<\/title>\n<meta name=\"robots\" content=\"index, follow, max-snippet:-1, max-image-preview:large, max-video-preview:-1\" \/>\n<link rel=\"canonical\" href=\"https:\/\/algerieintelligence.com\/index.php\/2020\/12\/28\/labsence-de-tebboune-desequilibre-t-elle-larmee\/\" \/>\n<meta property=\"og:locale\" content=\"fr_FR\" \/>\n<meta property=\"og:type\" content=\"article\" \/>\n<meta property=\"og:title\" content=\"L&#039;absence de Tebboune d\u00e9s\u00e9quilibre-t-elle l&#039;arm\u00e9e? - Alg\u00e9rie Intelligence\" \/>\n<meta property=\"og:description\" content=\"L&rsquo;absence de Tebboune d\u00e9s\u00e9quilibre-t-elle l&rsquo;arm\u00e9e? L&rsquo;\u00e9quilibre des forces parmi les officiers les plus influents au sein de l&rsquo;arm\u00e9e est de plus en plus difficile \u00e0 tenir et les clans qui se sont oppos\u00e9s pendant la p\u00e9riode du Hirak reprennent leurs man\u0153uvres, apr\u00e8s une l\u00e9g\u00e8re accalmie durant les premiers mois de l&rsquo;\u00e9lection de Tebboune. Le pr\u00e9sident [&hellip;]\" \/>\n<meta property=\"og:url\" content=\"https:\/\/algerieintelligence.com\/index.php\/2020\/12\/28\/labsence-de-tebboune-desequilibre-t-elle-larmee\/\" \/>\n<meta property=\"og:site_name\" content=\"Alg\u00e9rie Intelligence\" \/>\n<meta property=\"article:published_time\" content=\"2020-12-28T21:28:13+00:00\" \/>\n<meta property=\"article:modified_time\" content=\"2020-12-28T21:28:14+00:00\" \/>\n<meta property=\"og:image\" content=\"https:\/\/algerieintelligence.com\/wp-content\/uploads\/2020\/12\/toufik-592x296-1449563339.jpg\" \/>\n\t<meta property=\"og:image:width\" content=\"592\" \/>\n\t<meta property=\"og:image:height\" content=\"296\" \/>\n\t<meta property=\"og:image:type\" content=\"image\/jpeg\" \/>\n<meta name=\"author\" content=\"Redac\" \/>\n<meta name=\"twitter:card\" content=\"summary_large_image\" \/>\n<meta name=\"twitter:label1\" content=\"\u00c9crit par\" \/>\n\t<meta name=\"twitter:data1\" content=\"Redac\" \/>\n\t<meta name=\"twitter:label2\" content=\"Dur\u00e9e de lecture estim\u00e9e\" \/>\n\t<meta name=\"twitter:data2\" content=\"2 minutes\" \/>\n<script type=\"application\/ld+json\" class=\"yoast-schema-graph\">{\"@context\":\"https:\/\/schema.org\",\"@graph\":[{\"@type\":\"WebPage\",\"@id\":\"https:\/\/algerieintelligence.com\/index.php\/2020\/12\/28\/labsence-de-tebboune-desequilibre-t-elle-larmee\/\",\"url\":\"https:\/\/algerieintelligence.com\/index.php\/2020\/12\/28\/labsence-de-tebboune-desequilibre-t-elle-larmee\/\",\"name\":\"L'absence de Tebboune d\u00e9s\u00e9quilibre-t-elle l'arm\u00e9e? - Alg\u00e9rie Intelligence\",\"isPartOf\":{\"@id\":\"https:\/\/algerieintelligence.com\/#website\"},\"primaryImageOfPage\":{\"@id\":\"https:\/\/algerieintelligence.com\/index.php\/2020\/12\/28\/labsence-de-tebboune-desequilibre-t-elle-larmee\/#primaryimage\"},\"image\":{\"@id\":\"https:\/\/algerieintelligence.com\/index.php\/2020\/12\/28\/labsence-de-tebboune-desequilibre-t-elle-larmee\/#primaryimage\"},\"thumbnailUrl\":\"https:\/\/algerieintelligence.com\/wp-content\/uploads\/2020\/12\/toufik-592x296-1449563339.jpg\",\"datePublished\":\"2020-12-28T21:28:13+00:00\",\"dateModified\":\"2020-12-28T21:28:14+00:00\",\"author\":{\"@id\":\"https:\/\/algerieintelligence.com\/#\/schema\/person\/c648b09662082cf8039362aa83d977b5\"},\"breadcrumb\":{\"@id\":\"https:\/\/algerieintelligence.com\/index.php\/2020\/12\/28\/labsence-de-tebboune-desequilibre-t-elle-larmee\/#breadcrumb\"},\"inLanguage\":\"fr-FR\",\"potentialAction\":[{\"@type\":\"ReadAction\",\"target\":[\"https:\/\/algerieintelligence.com\/index.php\/2020\/12\/28\/labsence-de-tebboune-desequilibre-t-elle-larmee\/\"]}]},{\"@type\":\"ImageObject\",\"inLanguage\":\"fr-FR\",\"@id\":\"https:\/\/algerieintelligence.com\/index.php\/2020\/12\/28\/labsence-de-tebboune-desequilibre-t-elle-larmee\/#primaryimage\",\"url\":\"https:\/\/algerieintelligence.com\/wp-content\/uploads\/2020\/12\/toufik-592x296-1449563339.jpg\",\"contentUrl\":\"https:\/\/algerieintelligence.com\/wp-content\/uploads\/2020\/12\/toufik-592x296-1449563339.jpg\",\"width\":592,\"height\":296},{\"@type\":\"BreadcrumbList\",\"@id\":\"https:\/\/algerieintelligence.com\/index.php\/2020\/12\/28\/labsence-de-tebboune-desequilibre-t-elle-larmee\/#breadcrumb\",\"itemListElement\":[{\"@type\":\"ListItem\",\"position\":1,\"name\":\"Accueil\",\"item\":\"https:\/\/algerieintelligence.com\/\"},{\"@type\":\"ListItem\",\"position\":2,\"name\":\"L&rsquo;absence de Tebboune d\u00e9s\u00e9quilibre-t-elle l&rsquo;arm\u00e9e?\"}]},{\"@type\":\"WebSite\",\"@id\":\"https:\/\/algerieintelligence.com\/#website\",\"url\":\"https:\/\/algerieintelligence.com\/\",\"name\":\"Alg\u00e9rie Intelligence\",\"description\":\"\",\"potentialAction\":[{\"@type\":\"SearchAction\",\"target\":{\"@type\":\"EntryPoint\",\"urlTemplate\":\"https:\/\/algerieintelligence.com\/?s={search_term_string}\"},\"query-input\":{\"@type\":\"PropertyValueSpecification\",\"valueRequired\":true,\"valueName\":\"search_term_string\"}}],\"inLanguage\":\"fr-FR\"},{\"@type\":\"Person\",\"@id\":\"https:\/\/algerieintelligence.com\/#\/schema\/person\/c648b09662082cf8039362aa83d977b5\",\"name\":\"Redac\",\"image\":{\"@type\":\"ImageObject\",\"inLanguage\":\"fr-FR\",\"@id\":\"https:\/\/algerieintelligence.com\/#\/schema\/person\/image\/\",\"url\":\"https:\/\/secure.gravatar.com\/avatar\/3e3f5b8d3962700be4db1c1605b3dd39f46197dd59d1ddf1f24234efad67103b?s=96&d=mm&r=g\",\"contentUrl\":\"https:\/\/secure.gravatar.com\/avatar\/3e3f5b8d3962700be4db1c1605b3dd39f46197dd59d1ddf1f24234efad67103b?s=96&d=mm&r=g\",\"caption\":\"Redac\"},\"sameAs\":[\"http:\/\/algerieintelligence.com\"]}]}<\/script>\n<!-- \/ Yoast SEO plugin. -->","yoast_head_json":{"title":"L'absence de Tebboune d\u00e9s\u00e9quilibre-t-elle l'arm\u00e9e? - Alg\u00e9rie Intelligence","robots":{"index":"index","follow":"follow","max-snippet":"max-snippet:-1","max-image-preview":"max-image-preview:large","max-video-preview":"max-video-preview:-1"},"canonical":"https:\/\/algerieintelligence.com\/index.php\/2020\/12\/28\/labsence-de-tebboune-desequilibre-t-elle-larmee\/","og_locale":"fr_FR","og_type":"article","og_title":"L'absence de Tebboune d\u00e9s\u00e9quilibre-t-elle l'arm\u00e9e? - Alg\u00e9rie Intelligence","og_description":"L&rsquo;absence de Tebboune d\u00e9s\u00e9quilibre-t-elle l&rsquo;arm\u00e9e? L&rsquo;\u00e9quilibre des forces parmi les officiers les plus influents au sein de l&rsquo;arm\u00e9e est de plus en plus difficile \u00e0 tenir et les clans qui se sont oppos\u00e9s pendant la p\u00e9riode du Hirak reprennent leurs man\u0153uvres, apr\u00e8s une l\u00e9g\u00e8re accalmie durant les premiers mois de l&rsquo;\u00e9lection de Tebboune. Le pr\u00e9sident [&hellip;]","og_url":"https:\/\/algerieintelligence.com\/index.php\/2020\/12\/28\/labsence-de-tebboune-desequilibre-t-elle-larmee\/","og_site_name":"Alg\u00e9rie Intelligence","article_published_time":"2020-12-28T21:28:13+00:00","article_modified_time":"2020-12-28T21:28:14+00:00","og_image":[{"width":592,"height":296,"url":"https:\/\/algerieintelligence.com\/wp-content\/uploads\/2020\/12\/toufik-592x296-1449563339.jpg","type":"image\/jpeg"}],"author":"Redac","twitter_card":"summary_large_image","twitter_misc":{"\u00c9crit par":"Redac","Dur\u00e9e de lecture estim\u00e9e":"2 minutes"},"schema":{"@context":"https:\/\/schema.org","@graph":[{"@type":"WebPage","@id":"https:\/\/algerieintelligence.com\/index.php\/2020\/12\/28\/labsence-de-tebboune-desequilibre-t-elle-larmee\/","url":"https:\/\/algerieintelligence.com\/index.php\/2020\/12\/28\/labsence-de-tebboune-desequilibre-t-elle-larmee\/","name":"L'absence de Tebboune d\u00e9s\u00e9quilibre-t-elle l'arm\u00e9e? - Alg\u00e9rie Intelligence","isPartOf":{"@id":"https:\/\/algerieintelligence.com\/#website"},"primaryImageOfPage":{"@id":"https:\/\/algerieintelligence.com\/index.php\/2020\/12\/28\/labsence-de-tebboune-desequilibre-t-elle-larmee\/#primaryimage"},"image":{"@id":"https:\/\/algerieintelligence.com\/index.php\/2020\/12\/28\/labsence-de-tebboune-desequilibre-t-elle-larmee\/#primaryimage"},"thumbnailUrl":"https:\/\/algerieintelligence.com\/wp-content\/uploads\/2020\/12\/toufik-592x296-1449563339.jpg","datePublished":"2020-12-28T21:28:13+00:00","dateModified":"2020-12-28T21:28:14+00:00","author":{"@id":"https:\/\/algerieintelligence.com\/#\/schema\/person\/c648b09662082cf8039362aa83d977b5"},"breadcrumb":{"@id":"https:\/\/algerieintelligence.com\/index.php\/2020\/12\/28\/labsence-de-tebboune-desequilibre-t-elle-larmee\/#breadcrumb"},"inLanguage":"fr-FR","potentialAction":[{"@type":"ReadAction","target":["https:\/\/algerieintelligence.com\/index.php\/2020\/12\/28\/labsence-de-tebboune-desequilibre-t-elle-larmee\/"]}]},{"@type":"ImageObject","inLanguage":"fr-FR","@id":"https:\/\/algerieintelligence.com\/index.php\/2020\/12\/28\/labsence-de-tebboune-desequilibre-t-elle-larmee\/#primaryimage","url":"https:\/\/algerieintelligence.com\/wp-content\/uploads\/2020\/12\/toufik-592x296-1449563339.jpg","contentUrl":"https:\/\/algerieintelligence.com\/wp-content\/uploads\/2020\/12\/toufik-592x296-1449563339.jpg","width":592,"height":296},{"@type":"BreadcrumbList","@id":"https:\/\/algerieintelligence.com\/index.php\/2020\/12\/28\/labsence-de-tebboune-desequilibre-t-elle-larmee\/#breadcrumb","itemListElement":[{"@type":"ListItem","position":1,"name":"Accueil","item":"https:\/\/algerieintelligence.com\/"},{"@type":"ListItem","position":2,"name":"L&rsquo;absence de Tebboune d\u00e9s\u00e9quilibre-t-elle l&rsquo;arm\u00e9e?"}]},{"@type":"WebSite","@id":"https:\/\/algerieintelligence.com\/#website","url":"https:\/\/algerieintelligence.com\/","name":"Alg\u00e9rie Intelligence","description":"","potentialAction":[{"@type":"SearchAction","target":{"@type":"EntryPoint","urlTemplate":"https:\/\/algerieintelligence.com\/?s={search_term_string}"},"query-input":{"@type":"PropertyValueSpecification","valueRequired":true,"valueName":"search_term_string"}}],"inLanguage":"fr-FR"},{"@type":"Person","@id":"https:\/\/algerieintelligence.com\/#\/schema\/person\/c648b09662082cf8039362aa83d977b5","name":"Redac","image":{"@type":"ImageObject","inLanguage":"fr-FR","@id":"https:\/\/algerieintelligence.com\/#\/schema\/person\/image\/","url":"https:\/\/secure.gravatar.com\/avatar\/3e3f5b8d3962700be4db1c1605b3dd39f46197dd59d1ddf1f24234efad67103b?s=96&d=mm&r=g","contentUrl":"https:\/\/secure.gravatar.com\/avatar\/3e3f5b8d3962700be4db1c1605b3dd39f46197dd59d1ddf1f24234efad67103b?s=96&d=mm&r=g","caption":"Redac"},"sameAs":["http:\/\/algerieintelligence.com"]}]}},"_links":{"self":[{"href":"https:\/\/algerieintelligence.com\/index.php\/wp-json\/wp\/v2\/posts\/282","targetHints":{"allow":["GET"]}}],"collection":[{"href":"https:\/\/algerieintelligence.com\/index.php\/wp-json\/wp\/v2\/posts"}],"about":[{"href":"https:\/\/algerieintelligence.com\/index.php\/wp-json\/wp\/v2\/types\/post"}],"author":[{"embeddable":true,"href":"https:\/\/algerieintelligence.com\/index.php\/wp-json\/wp\/v2\/users\/2"}],"replies":[{"embeddable":true,"href":"https:\/\/algerieintelligence.com\/index.php\/wp-json\/wp\/v2\/comments?post=282"}],"version-history":[{"count":4,"href":"https:\/\/algerieintelligence.com\/index.php\/wp-json\/wp\/v2\/posts\/282\/revisions"}],"predecessor-version":[{"id":287,"href":"https:\/\/algerieintelligence.com\/index.php\/wp-json\/wp\/v2\/posts\/282\/revisions\/287"}],"wp:featuredmedia":[{"embeddable":true,"href":"https:\/\/algerieintelligence.com\/index.php\/wp-json\/wp\/v2\/media\/285"}],"wp:attachment":[{"href":"https:\/\/algerieintelligence.com\/index.php\/wp-json\/wp\/v2\/media?parent=282"}],"wp:term":[{"taxonomy":"category","embeddable":true,"href":"https:\/\/algerieintelligence.com\/index.php\/wp-json\/wp\/v2\/categories?post=282"},{"taxonomy":"post_tag","embeddable":true,"href":"https:\/\/algerieintelligence.com\/index.php\/wp-json\/wp\/v2\/tags?post=282"}],"curies":[{"name":"wp","href":"https:\/\/api.w.org\/{rel}","templated":true}]}}