{"id":274,"date":"2020-12-22T23:13:40","date_gmt":"2020-12-22T22:13:40","guid":{"rendered":"https:\/\/algerieintelligence.com\/?p=274"},"modified":"2020-12-23T01:47:56","modified_gmt":"2020-12-23T00:47:56","slug":"nezzar-en-algerie-larmee-serre-les-rangs","status":"publish","type":"post","link":"https:\/\/algerieintelligence.com\/index.php\/2020\/12\/22\/nezzar-en-algerie-larmee-serre-les-rangs\/","title":{"rendered":"Nezzar en Alg\u00e9rie: L&rsquo;arm\u00e9e serre les rangs"},"content":{"rendered":"\n<div class=\"wp-block-group\"><div class=\"wp-block-group__inner-container is-layout-flow wp-block-group-is-layout-flow\">\n<h2 class=\"has-text-color wp-block-heading\" style=\"color:#ba0c49;font-size:38px\">Nezzar en Alg\u00e9rie: L&rsquo;arm\u00e9e serre les rangs<\/h2>\n\n\n\n<div class=\"wp-block-columns is-layout-flex wp-container-core-columns-is-layout-9d6595d7 wp-block-columns-is-layout-flex\">\n<div class=\"wp-block-column is-layout-flow wp-block-column-is-layout-flow\">\n<p style=\"font-size:18px\">Le tr\u00e8s controvers\u00e9 g\u00e9n\u00e9ral \u00e0 la retraite Khaled Nezzar serait rentr\u00e9 en Alg\u00e9rie sans \u00eatre, pour le moment, inqui\u00e9t\u00e9 par la justice. L&rsquo;ancien ministre de la d\u00e9fense, condamn\u00e9 par contumace \u00e0 20 ans de prison par le tribunal militaire de Blida, revient au pays \u00e0 la surprise g\u00e9n\u00e9rale d&rsquo;une opinion publique sid\u00e9r\u00e9e et surtout dans un manque totalement incompr\u00e9hensible de communication de la part des instances s\u00e9curitaires et, surtout, judiciaires. Nezzar rentre dans un contexte sensible marqu\u00e9 par des tensions sans pr\u00e9c\u00e9dent avec le voisin marocain mais aussi par l&rsquo;absence du pr\u00e9sident de la r\u00e9publique en convalescence en Allemagne. Selon l&rsquo;une de nos sources g\u00e9n\u00e9ralement bien au fait des tractations au sein de l&rsquo;arm\u00e9e alg\u00e9rienne, Khaled Nezzar aurait eu des assurances de la part de certains g\u00e9n\u00e9raux toujours en service mais surtout de quelques-uns actuellement \u00e0 la retraite concernant l&rsquo;assouplissement en cours de certaines peines prononc\u00e9es alors que Gaid Salah \u00e9tait encore chef d&rsquo;\u00e9tat-major.<\/p>\n<\/div>\n\n\n\n<div class=\"wp-block-column is-layout-flow wp-block-column-is-layout-flow\">\n<p style=\"font-size:18px\">Nezzar jouit encore du respect d&rsquo;un certain nombre d&rsquo;officiers au sein de l&rsquo;arm\u00e9e qui \u00e9taient marginalis\u00e9s sous Gaid Salah et qui retrouvent peu \u00e0 peu de l&rsquo;influence gr\u00e2ce au duo Chengriha-Tebboune. Ces \u00e9v\u00e9nements rentrent dans le cadre d&rsquo;une mobilisation actuellement en cours au sein de l&rsquo;ANP au moment o\u00f9 l&rsquo;\u00e9tat-major se pr\u00e9pare \u00e0 toutes les \u00e9ventualit\u00e9s face notamment aux \u00ab\u00a0attaques\u00a0\u00bb marocaines concernant la question du Sahara occidental. Le retour de Nezzar rentrerait aussi dans le cadre d&rsquo;une grande r\u00e9conciliation actuellement en cours entre diff\u00e9rents clans de l&rsquo;arm\u00e9e et impuls\u00e9e par des g\u00e9n\u00e9raux \u00e0 la retraite proches de Tebboune et de Chengriha. Les responsables les plus influents en Alg\u00e9rie ont compris la n\u00e9cessit\u00e9 d&rsquo;homog\u00e9n\u00e9iser les id\u00e9es parmi les officiers militaires alg\u00e9riens, mais il n&rsquo;est pas s\u00fbr que le retour de Nezzar au pays plaise aux Alg\u00e9riens surtout en l&rsquo;absence de communication officielle autour du sujet.<\/p>\n<\/div>\n<\/div>\n<\/div><\/div>\n","protected":false},"excerpt":{"rendered":"<p>Nezzar en Alg\u00e9rie: L&rsquo;arm\u00e9e serre les rangs Le tr\u00e8s controvers\u00e9 g\u00e9n\u00e9ral \u00e0 la retraite Khaled Nezzar serait rentr\u00e9 en Alg\u00e9rie sans \u00eatre, pour le moment, inqui\u00e9t\u00e9 par la justice. L&rsquo;ancien ministre de la d\u00e9fense, condamn\u00e9 par contumace \u00e0 20 ans de prison par le tribunal militaire de Blida, revient au pays \u00e0 la surprise g\u00e9n\u00e9rale [&hellip;]<\/p>\n","protected":false},"author":2,"featured_media":276,"comment_status":"open","ping_status":"open","sticky":false,"template":"","format":"standard","meta":{"footnotes":""},"categories":[5],"tags":[],"class_list":["post-274","post","type-post","status-publish","format-standard","has-post-thumbnail","hentry","category-analyse-et-info"],"yoast_head":"<!-- This site is optimized with the Yoast SEO plugin v26.0 - https:\/\/yoast.com\/wordpress\/plugins\/seo\/ -->\n<title>Nezzar en Alg\u00e9rie: L&#039;arm\u00e9e serre les rangs - Alg\u00e9rie Intelligence<\/title>\n<meta name=\"robots\" content=\"index, follow, max-snippet:-1, max-image-preview:large, max-video-preview:-1\" \/>\n<link rel=\"canonical\" href=\"https:\/\/algerieintelligence.com\/index.php\/2020\/12\/22\/nezzar-en-algerie-larmee-serre-les-rangs\/\" \/>\n<meta property=\"og:locale\" content=\"fr_FR\" \/>\n<meta property=\"og:type\" content=\"article\" \/>\n<meta property=\"og:title\" content=\"Nezzar en Alg\u00e9rie: L&#039;arm\u00e9e serre les rangs - Alg\u00e9rie Intelligence\" \/>\n<meta property=\"og:description\" content=\"Nezzar en Alg\u00e9rie: L&rsquo;arm\u00e9e serre les rangs Le tr\u00e8s controvers\u00e9 g\u00e9n\u00e9ral \u00e0 la retraite Khaled Nezzar serait rentr\u00e9 en Alg\u00e9rie sans \u00eatre, pour le moment, inqui\u00e9t\u00e9 par la justice. L&rsquo;ancien ministre de la d\u00e9fense, condamn\u00e9 par contumace \u00e0 20 ans de prison par le tribunal militaire de Blida, revient au pays \u00e0 la surprise g\u00e9n\u00e9rale [&hellip;]\" \/>\n<meta property=\"og:url\" content=\"https:\/\/algerieintelligence.com\/index.php\/2020\/12\/22\/nezzar-en-algerie-larmee-serre-les-rangs\/\" \/>\n<meta property=\"og:site_name\" content=\"Alg\u00e9rie Intelligence\" \/>\n<meta property=\"article:published_time\" content=\"2020-12-22T22:13:40+00:00\" \/>\n<meta property=\"article:modified_time\" content=\"2020-12-23T00:47:56+00:00\" \/>\n<meta property=\"og:image\" content=\"https:\/\/algerieintelligence.com\/wp-content\/uploads\/2020\/12\/Khaled-Nezzar-1.jpg\" \/>\n\t<meta property=\"og:image:width\" content=\"550\" \/>\n\t<meta property=\"og:image:height\" content=\"309\" \/>\n\t<meta property=\"og:image:type\" content=\"image\/jpeg\" \/>\n<meta name=\"author\" content=\"Redac\" \/>\n<meta name=\"twitter:card\" content=\"summary_large_image\" \/>\n<meta name=\"twitter:label1\" content=\"\u00c9crit par\" \/>\n\t<meta name=\"twitter:data1\" content=\"Redac\" \/>\n\t<meta name=\"twitter:label2\" content=\"Dur\u00e9e de lecture estim\u00e9e\" \/>\n\t<meta name=\"twitter:data2\" content=\"2 minutes\" \/>\n<script type=\"application\/ld+json\" class=\"yoast-schema-graph\">{\"@context\":\"https:\/\/schema.org\",\"@graph\":[{\"@type\":\"WebPage\",\"@id\":\"https:\/\/algerieintelligence.com\/index.php\/2020\/12\/22\/nezzar-en-algerie-larmee-serre-les-rangs\/\",\"url\":\"https:\/\/algerieintelligence.com\/index.php\/2020\/12\/22\/nezzar-en-algerie-larmee-serre-les-rangs\/\",\"name\":\"Nezzar en Alg\u00e9rie: L'arm\u00e9e serre les rangs - Alg\u00e9rie Intelligence\",\"isPartOf\":{\"@id\":\"https:\/\/algerieintelligence.com\/#website\"},\"primaryImageOfPage\":{\"@id\":\"https:\/\/algerieintelligence.com\/index.php\/2020\/12\/22\/nezzar-en-algerie-larmee-serre-les-rangs\/#primaryimage\"},\"image\":{\"@id\":\"https:\/\/algerieintelligence.com\/index.php\/2020\/12\/22\/nezzar-en-algerie-larmee-serre-les-rangs\/#primaryimage\"},\"thumbnailUrl\":\"https:\/\/algerieintelligence.com\/wp-content\/uploads\/2020\/12\/Khaled-Nezzar-1.jpg\",\"datePublished\":\"2020-12-22T22:13:40+00:00\",\"dateModified\":\"2020-12-23T00:47:56+00:00\",\"author\":{\"@id\":\"https:\/\/algerieintelligence.com\/#\/schema\/person\/c648b09662082cf8039362aa83d977b5\"},\"breadcrumb\":{\"@id\":\"https:\/\/algerieintelligence.com\/index.php\/2020\/12\/22\/nezzar-en-algerie-larmee-serre-les-rangs\/#breadcrumb\"},\"inLanguage\":\"fr-FR\",\"potentialAction\":[{\"@type\":\"ReadAction\",\"target\":[\"https:\/\/algerieintelligence.com\/index.php\/2020\/12\/22\/nezzar-en-algerie-larmee-serre-les-rangs\/\"]}]},{\"@type\":\"ImageObject\",\"inLanguage\":\"fr-FR\",\"@id\":\"https:\/\/algerieintelligence.com\/index.php\/2020\/12\/22\/nezzar-en-algerie-larmee-serre-les-rangs\/#primaryimage\",\"url\":\"https:\/\/algerieintelligence.com\/wp-content\/uploads\/2020\/12\/Khaled-Nezzar-1.jpg\",\"contentUrl\":\"https:\/\/algerieintelligence.com\/wp-content\/uploads\/2020\/12\/Khaled-Nezzar-1.jpg\",\"width\":550,\"height\":309},{\"@type\":\"BreadcrumbList\",\"@id\":\"https:\/\/algerieintelligence.com\/index.php\/2020\/12\/22\/nezzar-en-algerie-larmee-serre-les-rangs\/#breadcrumb\",\"itemListElement\":[{\"@type\":\"ListItem\",\"position\":1,\"name\":\"Accueil\",\"item\":\"https:\/\/algerieintelligence.com\/\"},{\"@type\":\"ListItem\",\"position\":2,\"name\":\"Nezzar en Alg\u00e9rie: L&rsquo;arm\u00e9e serre les rangs\"}]},{\"@type\":\"WebSite\",\"@id\":\"https:\/\/algerieintelligence.com\/#website\",\"url\":\"https:\/\/algerieintelligence.com\/\",\"name\":\"Alg\u00e9rie Intelligence\",\"description\":\"\",\"potentialAction\":[{\"@type\":\"SearchAction\",\"target\":{\"@type\":\"EntryPoint\",\"urlTemplate\":\"https:\/\/algerieintelligence.com\/?s={search_term_string}\"},\"query-input\":{\"@type\":\"PropertyValueSpecification\",\"valueRequired\":true,\"valueName\":\"search_term_string\"}}],\"inLanguage\":\"fr-FR\"},{\"@type\":\"Person\",\"@id\":\"https:\/\/algerieintelligence.com\/#\/schema\/person\/c648b09662082cf8039362aa83d977b5\",\"name\":\"Redac\",\"image\":{\"@type\":\"ImageObject\",\"inLanguage\":\"fr-FR\",\"@id\":\"https:\/\/algerieintelligence.com\/#\/schema\/person\/image\/\",\"url\":\"https:\/\/secure.gravatar.com\/avatar\/3e3f5b8d3962700be4db1c1605b3dd39f46197dd59d1ddf1f24234efad67103b?s=96&d=mm&r=g\",\"contentUrl\":\"https:\/\/secure.gravatar.com\/avatar\/3e3f5b8d3962700be4db1c1605b3dd39f46197dd59d1ddf1f24234efad67103b?s=96&d=mm&r=g\",\"caption\":\"Redac\"},\"sameAs\":[\"http:\/\/algerieintelligence.com\"]}]}<\/script>\n<!-- \/ Yoast SEO plugin. -->","yoast_head_json":{"title":"Nezzar en Alg\u00e9rie: L'arm\u00e9e serre les rangs - Alg\u00e9rie Intelligence","robots":{"index":"index","follow":"follow","max-snippet":"max-snippet:-1","max-image-preview":"max-image-preview:large","max-video-preview":"max-video-preview:-1"},"canonical":"https:\/\/algerieintelligence.com\/index.php\/2020\/12\/22\/nezzar-en-algerie-larmee-serre-les-rangs\/","og_locale":"fr_FR","og_type":"article","og_title":"Nezzar en Alg\u00e9rie: L'arm\u00e9e serre les rangs - Alg\u00e9rie Intelligence","og_description":"Nezzar en Alg\u00e9rie: L&rsquo;arm\u00e9e serre les rangs Le tr\u00e8s controvers\u00e9 g\u00e9n\u00e9ral \u00e0 la retraite Khaled Nezzar serait rentr\u00e9 en Alg\u00e9rie sans \u00eatre, pour le moment, inqui\u00e9t\u00e9 par la justice. L&rsquo;ancien ministre de la d\u00e9fense, condamn\u00e9 par contumace \u00e0 20 ans de prison par le tribunal militaire de Blida, revient au pays \u00e0 la surprise g\u00e9n\u00e9rale [&hellip;]","og_url":"https:\/\/algerieintelligence.com\/index.php\/2020\/12\/22\/nezzar-en-algerie-larmee-serre-les-rangs\/","og_site_name":"Alg\u00e9rie Intelligence","article_published_time":"2020-12-22T22:13:40+00:00","article_modified_time":"2020-12-23T00:47:56+00:00","og_image":[{"width":550,"height":309,"url":"https:\/\/algerieintelligence.com\/wp-content\/uploads\/2020\/12\/Khaled-Nezzar-1.jpg","type":"image\/jpeg"}],"author":"Redac","twitter_card":"summary_large_image","twitter_misc":{"\u00c9crit par":"Redac","Dur\u00e9e de lecture estim\u00e9e":"2 minutes"},"schema":{"@context":"https:\/\/schema.org","@graph":[{"@type":"WebPage","@id":"https:\/\/algerieintelligence.com\/index.php\/2020\/12\/22\/nezzar-en-algerie-larmee-serre-les-rangs\/","url":"https:\/\/algerieintelligence.com\/index.php\/2020\/12\/22\/nezzar-en-algerie-larmee-serre-les-rangs\/","name":"Nezzar en Alg\u00e9rie: L'arm\u00e9e serre les rangs - Alg\u00e9rie Intelligence","isPartOf":{"@id":"https:\/\/algerieintelligence.com\/#website"},"primaryImageOfPage":{"@id":"https:\/\/algerieintelligence.com\/index.php\/2020\/12\/22\/nezzar-en-algerie-larmee-serre-les-rangs\/#primaryimage"},"image":{"@id":"https:\/\/algerieintelligence.com\/index.php\/2020\/12\/22\/nezzar-en-algerie-larmee-serre-les-rangs\/#primaryimage"},"thumbnailUrl":"https:\/\/algerieintelligence.com\/wp-content\/uploads\/2020\/12\/Khaled-Nezzar-1.jpg","datePublished":"2020-12-22T22:13:40+00:00","dateModified":"2020-12-23T00:47:56+00:00","author":{"@id":"https:\/\/algerieintelligence.com\/#\/schema\/person\/c648b09662082cf8039362aa83d977b5"},"breadcrumb":{"@id":"https:\/\/algerieintelligence.com\/index.php\/2020\/12\/22\/nezzar-en-algerie-larmee-serre-les-rangs\/#breadcrumb"},"inLanguage":"fr-FR","potentialAction":[{"@type":"ReadAction","target":["https:\/\/algerieintelligence.com\/index.php\/2020\/12\/22\/nezzar-en-algerie-larmee-serre-les-rangs\/"]}]},{"@type":"ImageObject","inLanguage":"fr-FR","@id":"https:\/\/algerieintelligence.com\/index.php\/2020\/12\/22\/nezzar-en-algerie-larmee-serre-les-rangs\/#primaryimage","url":"https:\/\/algerieintelligence.com\/wp-content\/uploads\/2020\/12\/Khaled-Nezzar-1.jpg","contentUrl":"https:\/\/algerieintelligence.com\/wp-content\/uploads\/2020\/12\/Khaled-Nezzar-1.jpg","width":550,"height":309},{"@type":"BreadcrumbList","@id":"https:\/\/algerieintelligence.com\/index.php\/2020\/12\/22\/nezzar-en-algerie-larmee-serre-les-rangs\/#breadcrumb","itemListElement":[{"@type":"ListItem","position":1,"name":"Accueil","item":"https:\/\/algerieintelligence.com\/"},{"@type":"ListItem","position":2,"name":"Nezzar en Alg\u00e9rie: L&rsquo;arm\u00e9e serre les rangs"}]},{"@type":"WebSite","@id":"https:\/\/algerieintelligence.com\/#website","url":"https:\/\/algerieintelligence.com\/","name":"Alg\u00e9rie Intelligence","description":"","potentialAction":[{"@type":"SearchAction","target":{"@type":"EntryPoint","urlTemplate":"https:\/\/algerieintelligence.com\/?s={search_term_string}"},"query-input":{"@type":"PropertyValueSpecification","valueRequired":true,"valueName":"search_term_string"}}],"inLanguage":"fr-FR"},{"@type":"Person","@id":"https:\/\/algerieintelligence.com\/#\/schema\/person\/c648b09662082cf8039362aa83d977b5","name":"Redac","image":{"@type":"ImageObject","inLanguage":"fr-FR","@id":"https:\/\/algerieintelligence.com\/#\/schema\/person\/image\/","url":"https:\/\/secure.gravatar.com\/avatar\/3e3f5b8d3962700be4db1c1605b3dd39f46197dd59d1ddf1f24234efad67103b?s=96&d=mm&r=g","contentUrl":"https:\/\/secure.gravatar.com\/avatar\/3e3f5b8d3962700be4db1c1605b3dd39f46197dd59d1ddf1f24234efad67103b?s=96&d=mm&r=g","caption":"Redac"},"sameAs":["http:\/\/algerieintelligence.com"]}]}},"_links":{"self":[{"href":"https:\/\/algerieintelligence.com\/index.php\/wp-json\/wp\/v2\/posts\/274","targetHints":{"allow":["GET"]}}],"collection":[{"href":"https:\/\/algerieintelligence.com\/index.php\/wp-json\/wp\/v2\/posts"}],"about":[{"href":"https:\/\/algerieintelligence.com\/index.php\/wp-json\/wp\/v2\/types\/post"}],"author":[{"embeddable":true,"href":"https:\/\/algerieintelligence.com\/index.php\/wp-json\/wp\/v2\/users\/2"}],"replies":[{"embeddable":true,"href":"https:\/\/algerieintelligence.com\/index.php\/wp-json\/wp\/v2\/comments?post=274"}],"version-history":[{"count":4,"href":"https:\/\/algerieintelligence.com\/index.php\/wp-json\/wp\/v2\/posts\/274\/revisions"}],"predecessor-version":[{"id":280,"href":"https:\/\/algerieintelligence.com\/index.php\/wp-json\/wp\/v2\/posts\/274\/revisions\/280"}],"wp:featuredmedia":[{"embeddable":true,"href":"https:\/\/algerieintelligence.com\/index.php\/wp-json\/wp\/v2\/media\/276"}],"wp:attachment":[{"href":"https:\/\/algerieintelligence.com\/index.php\/wp-json\/wp\/v2\/media?parent=274"}],"wp:term":[{"taxonomy":"category","embeddable":true,"href":"https:\/\/algerieintelligence.com\/index.php\/wp-json\/wp\/v2\/categories?post=274"},{"taxonomy":"post_tag","embeddable":true,"href":"https:\/\/algerieintelligence.com\/index.php\/wp-json\/wp\/v2\/tags?post=274"}],"curies":[{"name":"wp","href":"https:\/\/api.w.org\/{rel}","templated":true}]}}